{"id":35828,"date":"2022-06-27T22:24:54","date_gmt":"2022-06-27T22:24:54","guid":{"rendered":"http:\/\/vocesver.com\/noticias\/?p=35828"},"modified":"2022-06-27T23:02:33","modified_gmt":"2022-06-27T23:02:33","slug":"prision-preventivaconferencia-gratuita-para-celebrar-el-dia-del-abogado-en-tijuanabcfarias-morales","status":"publish","type":"post","link":"http:\/\/vocesver.com\/noticias\/prision-preventivaconferencia-gratuita-para-celebrar-el-dia-del-abogado-en-tijuanabcfarias-morales\/","title":{"rendered":"\u201cPRISI\u00d3N PREVENTIVA\u201dCONFERENCIA GRATUITA PARA CELEBRAR EL D\u00cdA DEL ABOGADO EN TIJUANA,B,C:FAR\u00cdAS MORALES"},"content":{"rendered":"\n<p><br>\u00b0Ser\u00e1 impartida por el Dr.Epigmenio Mendieta Vald\u00e9s el pr\u00f3ximo  8 de Julio.<br>\u00b0El Doctor Camilo Constantino Rivera participar\u00e1 como moderador.<br>\u00b0Dado a la importancia del tema se invita a todos los abogados del pa\u00eds a escucchar dicha conferencia.<br>\u00b0Tijuana es sede del evento fuerte del Dia del Abogado el pr\u00f3ximo 12 de Julio.<br>AUSENCIO RIVERA\/VOCESVER.COM\/NOTICIAS<br>Veracruz,Ver.- A 27 de Junio 2022.- A escasos quince d\u00edas de celebrar el D\u00eda del Abogado en la Ciudad de Tijuana,B.C. el Colegio Nacional de Abogados Penalistas A.C. que preside de manera atinada el Dr. Gilberto Far\u00edas Morales inform\u00f3 que dentro dicho marco se llevar\u00e1 a cabo la conferencia gratuita \u201cPrisi\u00f3n Preventiva\u201d que impartir\u00e1 el Doctor Epigmenio Mendieta Vald\u00e9s, as\u00ed como sus comentarios al C\u00f3digo Nacional de Procedimientos Penales.<br>El destacado jurista veracruzano explic\u00f3 que esta conferencia se lleva a cabo el pr\u00f3ximo viernes 8 de Julio del 2022 en el  marco del D\u00eda del Abogado que se festeja este pr\u00f3ximo 12 de Julio.<br>Indic\u00f3 que en esta importante conferencia participar\u00e1 como moderador el Dr. Camilo Constantino Rivera.<br>De acuerdo con el programa la conferencia ser\u00e1 transmitida a las 18:00 hras. CDMX y 16:00 horas. Ciudad de Tijuana, B.C.<br>Dado a la importancia de este tema el licenciado Gilberto Far\u00edas Morales  hizo una extensiva invitaci\u00f3n a todos los abogados del pa\u00eds a que la escuchen a trav\u00e9s de la liga de acceso: https:\/\/uso2eb.zoom.us\/j\/8903596232?pwd=hgiSctkv47-NbexqNdi5RW5MJi81.1.<br>Para mayor informaci\u00f3n comunicarse con el Dr. Gilberto Far\u00edas Morales Presidente del Colegio Nacional de Abogados Penalistas A.C.. Correo electr\u00f3nico:lic.farias@hotmail.com.Cel. 664\u00ac167-8816.<br>Cabe destacar que en esta ocasi\u00f3n el evento fuerte del D\u00eda del Abogado ser\u00e1 en Tijuana,B.C. donde se entregaran reconocimientos a destacados juristas y algunos presentes.<br>CURRICULUM DE AMBOS DOCTORES EN DERECHO.<br><br>Maestro Epigmenio Mendieta Vald\u00e9s<\/p>\n\n\n\n<p>Doctor por Investigaci\u00f3n en Ciencias Penales y Pol\u00edtica Criminal del Instituto Nacional de Ciencias Penales.<\/p>\n\n\n\n<p>Candidato a Doctorado en Derecho Constitucional y Derechos Humanos del Instituto Nacional de&nbsp;Estudios Superiores en Derecho Penal.<\/p>\n\n\n\n<figure class=\"wp-block-image\"><img decoding=\"async\" src=\"https:\/\/i0.wp.com\/institutohebo.com\/wp-content\/uploads\/2019\/11\/Epigmenio-Mendieta-Vald%C3%A9s.png?w=1290&amp;ssl=1\" alt=\"Epigmenio Mendieta Vald\u00e9s\" title=\"Epigmenio Mendieta Vald\u00e9s\"\/><\/figure>\n\n\n\n<p>Catedr\u00e1tico certificado por la Secretaria T\u00e9cnica para la Implementaci\u00f3n del Sistema Penal Acusatorio Oral de la Secretar\u00eda de Gobernaci\u00f3n.&nbsp;<\/p>\n\n\n\n<p>Su desempe\u00f1o laboral lo ha ejercido en la Comisi\u00f3n Nacional de los Derechos Humanos Federal y del Estado de M\u00e9xico; el Tribunal Superior de Justicia del Estado de M\u00e9xico; el Instituto Nacional de Ciencias Penales dependiente de la Procuradur\u00eda General de la Rep\u00fablica; y en la Procuradur\u00eda General de Justicia del Distrito Federal hoy Ciudad de M\u00e9xico.&nbsp;<\/p>\n\n\n\n<p>Como docente se ha desempe\u00f1ado en:&nbsp;<\/p>\n\n\n\n<p>\uf0b7 Fundaci\u00f3n Konrad Adenauer para el programa Estado de Derecho para M\u00e9xico Centroam\u00e9rica y el Caribe.<br>\uf0b7 Ponente del Programa de Apoyo a V\u00edctimas de Trata de Personas en M\u00e9xico, implementado por Management Systems Internacional y la Academy for Educational Development con fondos de la Agencia de Estados Unidos para el Desarrollo.<br>\uf0b7 Catedr\u00e1tico del Instituto Nacional de Ciencias Penales.<\/p>\n\n\n\n<p><br><br><br><br><\/p>\n\n\n\n<figure class=\"wp-block-image\"><img decoding=\"async\" src=\"https:\/\/i0.wp.com\/institutohebo.com\/wp-content\/uploads\/2021\/09\/WhatsApp-Image-2021-09-28-at-11.38.05-AM.jpeg?resize=300%2C457&amp;ssl=1\" alt=\"\"\/><\/figure>\n\n\n\n<h2 class=\"wp-block-heading\">Doctor Camilo Constantino Rivera<\/h2>\n\n\n\n<p>Vicepresidente del Instituto Iberoamericano de Derecho Procesal, Miembro de la Asociaci\u00f3n Internacional de Derecho Procesal, y del Colegio Nacional de Profesores de Derecho Procesal. Doctor en Derecho con menci\u00f3n Cum Laude por la Universidad de Salamanca, Espa\u00f1a. Doctorante en Derecho P\u00fablico por la Facultad Libre de Derecho de Chiapas, Doctor Honoris Causa por la Federaci\u00f3n Iberoamericana de Abogados, Doctor Honoris Causa por la Universidad Galilea. Licenciado en Derecho por la Facultad de Derecho de la Universidad Nacional Aut\u00f3noma de M\u00e9xico. Maestro y Doctorado en Derecho por la Universidad Abierta de Tlaxcala. Maestro en Derecho Penal por el Instituto Universitario An\u00e1huac. Ha tomado cursos de Especializaci\u00f3n en Derecho Constitucional; Proceso, Mediaci\u00f3n y Arbitraje; Contratosy Da\u00f1os; Crimen Organizado, Corrupci\u00f3n y Terrorismo; Teor\u00eda del Delito; as\u00ed como Obtenci\u00f3n, interpretaci\u00f3n y valoraci\u00f3n de la prueba por la Universidad de Salamanca; M\u00e1ster en Pr\u00e1ctica Jur\u00eddica por el Instituto de Estudios de Derecho y Econom\u00eda de Madrid, Espa\u00f1a.<\/p>\n\n\n\n<p><strong>CURSOS<\/strong><\/p>\n\n\n\n<p>Ha tomado cursos de Derecho Procesal en EUA,<\/p>\n\n\n\n<p>Espa\u00f1a, Alemania, Argentina, Puerto Rico, Panam\u00e1,<\/p>\n\n\n\n<p>Per\u00fa, Colombia y Chile.<\/p>\n\n\n\n<p>Fue Director General Adjunto de Estudios y Proyectos Normativos en la (extinta) Secretar\u00eda T\u00e9cnica del<\/p>\n\n\n\n<p>Consejo de Coordinaci\u00f3n para la Implementaci\u00f3n del Sistema de Justicia Penal en 2013, Fue Profesor-<\/p>\n\n\n\n<p>Investigador del Instituto Nacional de Ciencias Penales en 2010 y Asesor Parlamentario de la Comisi\u00f3n de Justicia en la C\u00e1mara de Diputados, LX Legislatura en 2007. Asesor de Derecho Procesal y Sistema Acusatorio.<\/p>\n\n\n\n<p>Abogado Postulante desde Enero de 2003, y en Sistema Acusatorio desde 2007. Fue Asesor en la<\/p>\n\n\n\n<p>Firmas: Contreras &amp; Contreras Abogados desde 2017; as\u00ed como Abogados al click en 2019. Actualmente<\/p>\n\n\n\n<p>Director General en la Fiscal\u00eda Especializada en Combate a la Corrupci\u00f3n en la Fiscal\u00eda General de la Rep\u00fablica.<\/p>\n\n\n\n<p>Es Gerente General del Instituto Profesional de Ciencias Jur\u00eddicas Magister. Actualmente cuenta con el Convenio B\u00e1sico de Colaboraci\u00f3n Universitaria con la Universidad de Salamanca (Espa\u00f1a) y el Cap\u00edtulo Mexicano de Semilleros de Derecho Procesal del Instituto Colombiano de Derecho Procesal.<\/p>\n\n\n\n<p>Ha participado en la ense\u00f1anza del Derecho Procesal en toda la Rep\u00fablica Mexicana; en Universidades P\u00fablicas y Privadas. Ha impartido clases en las Procuradur\u00eda Generales de Justicia o Fiscal\u00edas Generales de las 32 Entidades Federativas; y en todos los Tribunales Superiores de Justicia o Supremos Tribunales de Justicia de los Estados.<\/p>\n\n\n\n<p>Es catedr\u00e1tico de la Escuela Judicial del Estado de M\u00e9xico desde agosto de 2005; del Instituto Nacional de Ciencias Penales desde septiembre de 2005; as\u00ed como de la Comisi\u00f3n Nacional de Tribunales Superiores de Justicia de los Estados Unidos Mexicanos desde junio de 2009.<\/p>\n\n\n\n<p>Asesor de tesis y Jurado en pre y posgrado en distintas Universidades en M\u00e9xico, Colombia y Espa\u00f1a.<\/p>\n\n\n\n<p>Creador de programas en posgrados de diversas Universidades en el pa\u00eds. Conferencista en m\u00e1s de 400 foros nacionales e internacionales en materia de Derecho Procesal y Sistema Penal Acusatorio.<\/p>\n\n\n\n<p><br><br><br><br><br><br><br><br><br><br><br><br><br><br><br><br><br><br><br><br><br><br><\/p>\n","protected":false},"excerpt":{"rendered":"<p>\u00b0Ser\u00e1 impartida por el Dr.Epigmenio Mendieta Vald\u00e9s el pr\u00f3ximo 8 de Julio.\u00b0El Doctor Camilo Constantino Rivera participar\u00e1 como moderador.\u00b0Dado a<\/p>\n","protected":false},"author":2,"featured_media":35836,"comment_status":"open","ping_status":"open","sticky":false,"template":"","format":"standard","meta":{"colormag_page_container_layout":"default_layout","colormag_page_sidebar_layout":"default_layout","footnotes":""},"categories":[1],"tags":[],"class_list":["post-35828","post","type-post","status-publish","format-standard","has-post-thumbnail","hentry","category-sin-categoria"],"_links":{"self":[{"href":"http:\/\/vocesver.com\/noticias\/wp-json\/wp\/v2\/posts\/35828","targetHints":{"allow":["GET"]}}],"collection":[{"href":"http:\/\/vocesver.com\/noticias\/wp-json\/wp\/v2\/posts"}],"about":[{"href":"http:\/\/vocesver.com\/noticias\/wp-json\/wp\/v2\/types\/post"}],"author":[{"embeddable":true,"href":"http:\/\/vocesver.com\/noticias\/wp-json\/wp\/v2\/users\/2"}],"replies":[{"embeddable":true,"href":"http:\/\/vocesver.com\/noticias\/wp-json\/wp\/v2\/comments?post=35828"}],"version-history":[{"count":6,"href":"http:\/\/vocesver.com\/noticias\/wp-json\/wp\/v2\/posts\/35828\/revisions"}],"predecessor-version":[{"id":35846,"href":"http:\/\/vocesver.com\/noticias\/wp-json\/wp\/v2\/posts\/35828\/revisions\/35846"}],"wp:featuredmedia":[{"embeddable":true,"href":"http:\/\/vocesver.com\/noticias\/wp-json\/wp\/v2\/media\/35836"}],"wp:attachment":[{"href":"http:\/\/vocesver.com\/noticias\/wp-json\/wp\/v2\/media?parent=35828"}],"wp:term":[{"taxonomy":"category","embeddable":true,"href":"http:\/\/vocesver.com\/noticias\/wp-json\/wp\/v2\/categories?post=35828"},{"taxonomy":"post_tag","embeddable":true,"href":"http:\/\/vocesver.com\/noticias\/wp-json\/wp\/v2\/tags?post=35828"}],"curies":[{"name":"wp","href":"https:\/\/api.w.org\/{rel}","templated":true}]}}