{"id":35824,"date":"2022-06-27T21:29:17","date_gmt":"2022-06-27T21:29:17","guid":{"rendered":"http:\/\/vocesver.com\/noticias\/?p=35824"},"modified":"2022-06-27T21:39:44","modified_gmt":"2022-06-27T21:39:44","slug":"veleros-provocan-una-gran-fiesta-carnestolenda-en-su-visita-por-el-puerto-jarocho","status":"publish","type":"post","link":"http:\/\/vocesver.com\/noticias\/veleros-provocan-una-gran-fiesta-carnestolenda-en-su-visita-por-el-puerto-jarocho\/","title":{"rendered":"VELEROS PROVOCAN UNA GRAN FIESTA CARNESTOLENDA  EN SU VISITA POR EL PUERTO JAROCHO."},"content":{"rendered":"\n<p>REDACCI\u00d3N\/VOCESVER.COM\/NOTICIAS<br>Veracruz,Ver.. a 27 de Junio 2022.- Una gran fiesta carnestolenda se pudo observar en el muelle tur\u00edstico de la\u201d T\u201d de la Ciudad de Veracruz;decenas de turistas y veracruzanos disfrutan de la visita de los veleros que participan en el festival Velas Latinoamericanas 2022. No cabe ninguna duda que el buque Cuauht\u00e9moc de la Armada de M\u00e9xico ha sido uno de los m\u00e1s visitados, diariamente registr\u00f3 considerable afluencia en su estad\u00eda por este puerto. Ni el calor intenso que golpea  a esta Ciudad  detuvo la gran avalancha de visitantes que diariamente se concentrar\u00f3n en este sitio tur\u00edstico. Foto Ausencio RIVERA.<br><br><br><br><br><br><br><br><br><br><br><br><br><br><br><br><br><br><br><br><br><br><br><br><br><br><\/p>\n","protected":false},"excerpt":{"rendered":"<p>REDACCI\u00d3N\/VOCESVER.COM\/NOTICIASVeracruz,Ver.. a 27 de Junio 2022.- Una gran fiesta carnestolenda se pudo observar en el muelle tur\u00edstico de la\u201d T\u201d<\/p>\n","protected":false},"author":2,"featured_media":35830,"comment_status":"open","ping_status":"open","sticky":false,"template":"","format":"standard","meta":{"colormag_page_container_layout":"default_layout","colormag_page_sidebar_layout":"default_layout","footnotes":""},"categories":[2],"tags":[],"class_list":["post-35824","post","type-post","status-publish","format-standard","has-post-thumbnail","hentry","category-infogral"],"_links":{"self":[{"href":"http:\/\/vocesver.com\/noticias\/wp-json\/wp\/v2\/posts\/35824","targetHints":{"allow":["GET"]}}],"collection":[{"href":"http:\/\/vocesver.com\/noticias\/wp-json\/wp\/v2\/posts"}],"about":[{"href":"http:\/\/vocesver.com\/noticias\/wp-json\/wp\/v2\/types\/post"}],"author":[{"embeddable":true,"href":"http:\/\/vocesver.com\/noticias\/wp-json\/wp\/v2\/users\/2"}],"replies":[{"embeddable":true,"href":"http:\/\/vocesver.com\/noticias\/wp-json\/wp\/v2\/comments?post=35824"}],"version-history":[{"count":3,"href":"http:\/\/vocesver.com\/noticias\/wp-json\/wp\/v2\/posts\/35824\/revisions"}],"predecessor-version":[{"id":35832,"href":"http:\/\/vocesver.com\/noticias\/wp-json\/wp\/v2\/posts\/35824\/revisions\/35832"}],"wp:featuredmedia":[{"embeddable":true,"href":"http:\/\/vocesver.com\/noticias\/wp-json\/wp\/v2\/media\/35830"}],"wp:attachment":[{"href":"http:\/\/vocesver.com\/noticias\/wp-json\/wp\/v2\/media?parent=35824"}],"wp:term":[{"taxonomy":"category","embeddable":true,"href":"http:\/\/vocesver.com\/noticias\/wp-json\/wp\/v2\/categories?post=35824"},{"taxonomy":"post_tag","embeddable":true,"href":"http:\/\/vocesver.com\/noticias\/wp-json\/wp\/v2\/tags?post=35824"}],"curies":[{"name":"wp","href":"https:\/\/api.w.org\/{rel}","templated":true}]}}