{"id":35812,"date":"2022-06-27T21:12:23","date_gmt":"2022-06-27T21:12:23","guid":{"rendered":"http:\/\/vocesver.com\/noticias\/?p=35812"},"modified":"2022-06-27T21:13:30","modified_gmt":"2022-06-27T21:13:30","slug":"escuela-dragones-veracruz-invita-a-los-jovenes-a-practicar-el-futbol","status":"publish","type":"post","link":"http:\/\/vocesver.com\/noticias\/escuela-dragones-veracruz-invita-a-los-jovenes-a-practicar-el-futbol\/","title":{"rendered":"Escuela \u201cDragones Veracruz\u201d invita a los j\u00f3venes a practicar el f\u00fatbol"},"content":{"rendered":"\n<p>REDACCI\u00d3N\/VOCESVER.COM\/NOTICIAS<br><br>Veracruz,Ver. A  27 de Junio 2022.- La escuela de f\u00fatbol \u201cDragones Veracruz\u201d invita a las y los j\u00f3venes porte\u00f1os a integrarse al club en edades de 10 a 22 a\u00f1os, impartiendo sus clases en la unidad deportiva Salvador Campa los viernes y s\u00e1bados con horario de 09:00 a 10:00 am.<br><br>El director de este proyecto deportivo mencion\u00f3 que cuentan con entrenadores capacitados para la impartici\u00f3n de sus clases, teniendo nuevos modelos de entrenamientos.<br><br>Para m\u00e1s informaci\u00f3n sobre inscripci\u00f3n y entrenamientos pueden mandar mensaje en nuestra p\u00e1gina de Facebook Dragones Veracruz o por WhatsApp a los n\u00fameros 2295933250 o al 2292470224.<br><br>Finaliz\u00f3 que \u201cEst\u00e1n empezando desde cero, pero con ganas de seguir fomentando que practiquen el f\u00fatbol profesional\u201d.<br><br><br><br><br><br><br><br><br><br><br><br><br><br><br><br><br><br><br><br><br><br><br><br><br><br><br><br><br><br><br><br><br><br><\/p>\n","protected":false},"excerpt":{"rendered":"<p>REDACCI\u00d3N\/VOCESVER.COM\/NOTICIAS Veracruz,Ver. A 27 de Junio 2022.- La escuela de f\u00fatbol \u201cDragones Veracruz\u201d invita a las y los j\u00f3venes porte\u00f1os<\/p>\n","protected":false},"author":2,"featured_media":35820,"comment_status":"open","ping_status":"open","sticky":false,"template":"","format":"standard","meta":{"colormag_page_container_layout":"default_layout","colormag_page_sidebar_layout":"default_layout","footnotes":""},"categories":[2],"tags":[],"class_list":["post-35812","post","type-post","status-publish","format-standard","has-post-thumbnail","hentry","category-infogral"],"_links":{"self":[{"href":"http:\/\/vocesver.com\/noticias\/wp-json\/wp\/v2\/posts\/35812","targetHints":{"allow":["GET"]}}],"collection":[{"href":"http:\/\/vocesver.com\/noticias\/wp-json\/wp\/v2\/posts"}],"about":[{"href":"http:\/\/vocesver.com\/noticias\/wp-json\/wp\/v2\/types\/post"}],"author":[{"embeddable":true,"href":"http:\/\/vocesver.com\/noticias\/wp-json\/wp\/v2\/users\/2"}],"replies":[{"embeddable":true,"href":"http:\/\/vocesver.com\/noticias\/wp-json\/wp\/v2\/comments?post=35812"}],"version-history":[{"count":2,"href":"http:\/\/vocesver.com\/noticias\/wp-json\/wp\/v2\/posts\/35812\/revisions"}],"predecessor-version":[{"id":35819,"href":"http:\/\/vocesver.com\/noticias\/wp-json\/wp\/v2\/posts\/35812\/revisions\/35819"}],"wp:featuredmedia":[{"embeddable":true,"href":"http:\/\/vocesver.com\/noticias\/wp-json\/wp\/v2\/media\/35820"}],"wp:attachment":[{"href":"http:\/\/vocesver.com\/noticias\/wp-json\/wp\/v2\/media?parent=35812"}],"wp:term":[{"taxonomy":"category","embeddable":true,"href":"http:\/\/vocesver.com\/noticias\/wp-json\/wp\/v2\/categories?post=35812"},{"taxonomy":"post_tag","embeddable":true,"href":"http:\/\/vocesver.com\/noticias\/wp-json\/wp\/v2\/tags?post=35812"}],"curies":[{"name":"wp","href":"https:\/\/api.w.org\/{rel}","templated":true}]}}