{"id":35647,"date":"2022-06-16T03:13:51","date_gmt":"2022-06-16T03:13:51","guid":{"rendered":"http:\/\/vocesver.com\/noticias\/?p=35647"},"modified":"2022-06-16T03:16:55","modified_gmt":"2022-06-16T03:16:55","slug":"de-gran-trascendencia-la-reiunion-del-mtro-jorge-miguel-uscanga-villalba-con-la-fuipes-que-preside-el-dr-arturo-matiello-canales","status":"publish","type":"post","link":"http:\/\/vocesver.com\/noticias\/de-gran-trascendencia-la-reiunion-del-mtro-jorge-miguel-uscanga-villalba-con-la-fuipes-que-preside-el-dr-arturo-matiello-canales\/","title":{"rendered":"DE GRAN TRASCENDENCIA LA REIUNI\u00d3N DEL MTRO. JORGE MIGUEL USCANGA VILLALBA CON LA FUIPES QUE PRESIDE EL DR. ARTURO MATIELLO  CANALES."},"content":{"rendered":"\n<p><br><br>POR:JOS\u00c9 OLIVARES CORONA\/AUSENCIO RIVERA\/VOCESVER.COM\/NOTICIAS<br><br>BOCA DEL R\u00cdO, VER.- A 15 DE JUNIO 2022.- Dentro del marco de los trabajos de la Expo Feria Regi\u00f3n Sotavento, celebrado en el World Trade Center de Boca del R\u00edo, Veracruz, este 14 y 15 del mes en curso, se llev\u00f3 a cabo una importante reuni\u00f3n entre los directivos de la FUIPES, la cual es presidida por el Dr. Manlio Arturo Mattiello Canales y el subsecretario de Educaci\u00f3n Media Superior y Superior Mtro. Jorge Miguel Uscanga Villalba, as\u00ed como con el director general de Educaci\u00f3n Universitaria, Mtro. Fernando Hern\u00e1ndez Caba\u00f1as, evento celebrado en el aula magna de la Universidad de las Naciones, de esta ciudad y puerto de Veracruz.<br>El maestro Uscanga Villalba, se mostr\u00f3 sumamente complacido por el contundente \u00e9xito de la Expo Feria Regi\u00f3n Sotavento, en su cuarta edici\u00f3n, y aprovech\u00f3 para agradecer el gran apoyo que otorg\u00f3 la Federaci\u00f3n de Universidades e Instituciones Particulares de Educaci\u00f3n Superior (FUIPES) a trav\u00e9s de los diferentes rectores que la integran, para la realizaci\u00f3n de este importante evento educativo, donde el maestro Fernando Hern\u00e1ndez caba\u00f1as, as\u00ed como el Dr. Jerem\u00edas Z\u00fa\u00f1iga Mezano, quienes  fueron pieza clave, en lo que a log\u00edstica se refiere.  <br>Cabe mencionar que tan solo en la inauguraci\u00f3n de la Expo Feria Regi\u00f3n Sotavento, participaron m\u00e1s de diez mil alumnos de diferentes escuelas del nivel bachillerato, as\u00ed como universidades, de la zona conurbada.<br>El subsecretario de Educaci\u00f3n Media Superior y Superior Mtro. Jorge Miguel Uscanga Villalba, al hacer uso de la palabra, se\u00f1al\u00f3 de manera contundente:<br>\u201cSolamente trabajando juntos sociedad y gobierno podremos alcanzar nuestros objetivos que van enfocados en fortalecer el nivel educativo de todos los estudiantes, tal y como lo ha manifestado el gobernador Cuitl\u00e1huac Garc\u00eda Jim\u00e9nez, y el Secretario de Educaci\u00f3n Zenyazen Roberto Escobar Garc\u00eda.<br>En esta reuni\u00f3n con los rectores integrantes de la FUIPES, llegamos a importantes acuerdos, entre los m\u00e1s destacados fueron lo relacionado con la simplificaci\u00f3n administrativa para bien de los veracruzanos, invertir en investigaci\u00f3n e infraestructura educativa, trabajar coordinadamente para que todos tenga la posibilidad de estudiar y as\u00ed lograr la meta de Cero Rechazo\u201d, puntualiz\u00f3 el subsecretario.<br>Finalmente, el Dr. Manlio Arturo Mattiello Canales, presidente de la FUIPES, considera que fue sumamente productiva esta reuni\u00f3n, celebrada en el auditorio de la Universidad de las Naciones con el maestro Jorge Miguel Uscanga Villalba Subsecretario de Educaci\u00f3n Media Superior y Superior, as\u00ed como el maestro Fernando Hern\u00e1ndez caba\u00f1as, Director General de Educaci\u00f3n Universitaria, con quienes analizaron de manera detallada todo lo concerniente para agilizaci\u00f3n de  los tr\u00e1mites que tienen que realizar los j\u00f3venes, cuando concluyen sus estudios, en cualquiera de sus niveles educativos<br><br><br><br><br><br><br><br><br><br><br><br><br><br><br><br><br><br><br><br><br><br><br><br><br><br><br><br><br><br><br><br><br><br><br><br><\/p>\n","protected":false},"excerpt":{"rendered":"<p>POR:JOS\u00c9 OLIVARES CORONA\/AUSENCIO RIVERA\/VOCESVER.COM\/NOTICIAS BOCA DEL R\u00cdO, VER.- A 15 DE JUNIO 2022.- Dentro del marco de los trabajos de<\/p>\n","protected":false},"author":2,"featured_media":35656,"comment_status":"open","ping_status":"open","sticky":false,"template":"","format":"standard","meta":{"colormag_page_container_layout":"default_layout","colormag_page_sidebar_layout":"default_layout","footnotes":""},"categories":[2],"tags":[],"class_list":["post-35647","post","type-post","status-publish","format-standard","has-post-thumbnail","hentry","category-infogral"],"_links":{"self":[{"href":"http:\/\/vocesver.com\/noticias\/wp-json\/wp\/v2\/posts\/35647","targetHints":{"allow":["GET"]}}],"collection":[{"href":"http:\/\/vocesver.com\/noticias\/wp-json\/wp\/v2\/posts"}],"about":[{"href":"http:\/\/vocesver.com\/noticias\/wp-json\/wp\/v2\/types\/post"}],"author":[{"embeddable":true,"href":"http:\/\/vocesver.com\/noticias\/wp-json\/wp\/v2\/users\/2"}],"replies":[{"embeddable":true,"href":"http:\/\/vocesver.com\/noticias\/wp-json\/wp\/v2\/comments?post=35647"}],"version-history":[{"count":2,"href":"http:\/\/vocesver.com\/noticias\/wp-json\/wp\/v2\/posts\/35647\/revisions"}],"predecessor-version":[{"id":35655,"href":"http:\/\/vocesver.com\/noticias\/wp-json\/wp\/v2\/posts\/35647\/revisions\/35655"}],"wp:featuredmedia":[{"embeddable":true,"href":"http:\/\/vocesver.com\/noticias\/wp-json\/wp\/v2\/media\/35656"}],"wp:attachment":[{"href":"http:\/\/vocesver.com\/noticias\/wp-json\/wp\/v2\/media?parent=35647"}],"wp:term":[{"taxonomy":"category","embeddable":true,"href":"http:\/\/vocesver.com\/noticias\/wp-json\/wp\/v2\/categories?post=35647"},{"taxonomy":"post_tag","embeddable":true,"href":"http:\/\/vocesver.com\/noticias\/wp-json\/wp\/v2\/tags?post=35647"}],"curies":[{"name":"wp","href":"https:\/\/api.w.org\/{rel}","templated":true}]}}