{"id":35643,"date":"2022-06-15T22:21:22","date_gmt":"2022-06-15T22:21:22","guid":{"rendered":"http:\/\/vocesver.com\/noticias\/?p=35643"},"modified":"2022-06-15T22:27:03","modified_gmt":"2022-06-15T22:27:03","slug":"veracruzanos-ya-no-aguantan-al-grupo-mas-piden-se-le-retire-la-concecsionreyes-cruz","status":"publish","type":"post","link":"http:\/\/vocesver.com\/noticias\/veracruzanos-ya-no-aguantan-al-grupo-mas-piden-se-le-retire-la-concecsionreyes-cruz\/","title":{"rendered":"VERACRUZANOS YA NO AGUANTAN AL GRUPO M\u00c1S,  PIDEN SE LE RETIRE LA CONCECSI\u00d3N:REYES CRUZ"},"content":{"rendered":"\n<p><br>\u00a1\u00a1\u00a1\u00a1Ya basta de tantos abusos, entregan documentos a la Diputada Rosa Mar\u00eda Hern\u00e1ndez solicitando su intervenci\u00f3n.<br>\u00b0Exhort\u00f3 a afectados a unirse a La Fuerza de la Raz\u00f3n para acabar con esas arbitrariedades.<br>AUSENCIO RIVERA\/VOCESVER.COM\/NOTICIAS<br>Veracruz,Ver.- a 15 de Junio 2022.- Que se le retire la concesi\u00f3n al Grupo MAS, ya basta de tantos abusos en contra del pueblo veracruzano afirm\u00f3 de manera contundente el C.P. Jos\u00e9 Reyes Cruz luchador social del municipio de Veracruz y militante activo del Movimiento de Regeneraci\u00f3n Nacional (MORENA).<br>Entrevistado en la Casa de Pueblo de la Diputada Federal Rosa Mar\u00eda Hern\u00e1ndez Espejo y el licenciado Pedro Rivera presidente del Grupo La Fuerza de la Raz\u00f3n dijo que el problema del agua que padecen los veracruzanos no es de ahorita, ya tiene m\u00e1s 3 a\u00f1os y estos no cesan.<br>Afortunadamente ya ha habido resoluciones legales  a favor de los ciudadanos en base a las denuncias que estos han presentando.<br>Destac\u00f3 que es importante que el pueblo sepa que no est\u00e1n solos,\u201d nosotros estamos trabajando unidos para defenderlos de las arbitrariedades que comete este grupo en su contra\u201d.<br>Nuestra petici\u00f3n fundamental a la Diputada Federal es que se le quite la concesi\u00f3n a ese grupo, \u201cporque desde un principio no cumplieron con lo que prometieron de acuerdo a los estatutos\u201d.<br>Por eso le digo a la ciudadan\u00eda que ahorita es el momento de unirse con  nosotros para quitarle la concesi\u00f3n al Grupo Mas. Por eso en esta reuni\u00f3n le entregamos documentos legales  a la diputada Federal Rosa Mar\u00eda Hern\u00e1ndez Espejo para que mediante el Congreso de la  Uni\u00f3n se le cancele la concesi\u00f3n a este grupo en beneficio del pueblo.<br>De acuerdo con el licenciado Pedro Rivera hay m\u00e1s de 3 mi quejas presentadas en contra de dicho grupo. Se trata de quejas razonadas, asegur\u00f3.<br><br><br><br><br><br><br><br><br><br><br><br><br><br><br><br><br><br><br><br><br><br><br><br><br><br><br><br><br><\/p>\n","protected":false},"excerpt":{"rendered":"<p>\u00a1\u00a1\u00a1\u00a1Ya basta de tantos abusos, entregan documentos a la Diputada Rosa Mar\u00eda Hern\u00e1ndez solicitando su intervenci\u00f3n.\u00b0Exhort\u00f3 a afectados a unirse<\/p>\n","protected":false},"author":2,"featured_media":35649,"comment_status":"open","ping_status":"open","sticky":false,"template":"","format":"standard","meta":{"colormag_page_container_layout":"default_layout","colormag_page_sidebar_layout":"default_layout","footnotes":""},"categories":[2],"tags":[],"class_list":["post-35643","post","type-post","status-publish","format-standard","has-post-thumbnail","hentry","category-infogral"],"_links":{"self":[{"href":"http:\/\/vocesver.com\/noticias\/wp-json\/wp\/v2\/posts\/35643","targetHints":{"allow":["GET"]}}],"collection":[{"href":"http:\/\/vocesver.com\/noticias\/wp-json\/wp\/v2\/posts"}],"about":[{"href":"http:\/\/vocesver.com\/noticias\/wp-json\/wp\/v2\/types\/post"}],"author":[{"embeddable":true,"href":"http:\/\/vocesver.com\/noticias\/wp-json\/wp\/v2\/users\/2"}],"replies":[{"embeddable":true,"href":"http:\/\/vocesver.com\/noticias\/wp-json\/wp\/v2\/comments?post=35643"}],"version-history":[{"count":3,"href":"http:\/\/vocesver.com\/noticias\/wp-json\/wp\/v2\/posts\/35643\/revisions"}],"predecessor-version":[{"id":35652,"href":"http:\/\/vocesver.com\/noticias\/wp-json\/wp\/v2\/posts\/35643\/revisions\/35652"}],"wp:featuredmedia":[{"embeddable":true,"href":"http:\/\/vocesver.com\/noticias\/wp-json\/wp\/v2\/media\/35649"}],"wp:attachment":[{"href":"http:\/\/vocesver.com\/noticias\/wp-json\/wp\/v2\/media?parent=35643"}],"wp:term":[{"taxonomy":"category","embeddable":true,"href":"http:\/\/vocesver.com\/noticias\/wp-json\/wp\/v2\/categories?post=35643"},{"taxonomy":"post_tag","embeddable":true,"href":"http:\/\/vocesver.com\/noticias\/wp-json\/wp\/v2\/tags?post=35643"}],"curies":[{"name":"wp","href":"https:\/\/api.w.org\/{rel}","templated":true}]}}