{"id":35639,"date":"2022-06-15T21:36:48","date_gmt":"2022-06-15T21:36:48","guid":{"rendered":"http:\/\/vocesver.com\/noticias\/?p=35639"},"modified":"2022-06-15T21:39:03","modified_gmt":"2022-06-15T21:39:03","slug":"oms-analizara-si-viruela-del-mono-representa-una-emergencia-de-salud-publica%ef%bf%bc","status":"publish","type":"post","link":"http:\/\/vocesver.com\/noticias\/oms-analizara-si-viruela-del-mono-representa-una-emergencia-de-salud-publica%ef%bf%bc\/","title":{"rendered":"OMS analizar\u00e1 si viruela del mono representa una \u201cemergencia de salud p\u00fablica\u201d\ufffc"},"content":{"rendered":"\n<p><br>OMS analizar\u00e1 si viruela del mono representa una \u201cemergencia de salud p\u00fablica\u201d. Foto: Getty Images<br><br><br><br>REDACCION\/VOCESVER.COM\/NOTICIAS<br><br><br>INTERNACIONAL.- A  15 DE JUNIO 2022.-DE ACUERDO CON INFORMACI\u00b4\u00d3N DE AGENCIA\/AFP&#8230;.. La Organizaci\u00f3n Mundial de la Salud (OMS) anunci\u00f3 que convocar\u00e1 una reuni\u00f3n de su comit\u00e9 de urgencia para evaluar si la viruela del mono representa una \u201cemergencia de salud p\u00fablica de alcance internacional\u201d.<br><br>La proliferaci\u00f3n actual de casos es \u201cinusual y preocupante\u201d, declar\u00f3 su director Tedros Adhanom Ghebreyesus durante una conferencia de prensa, para justificar la futura reuni\u00f3n que se ha programado para el 23 de junio.<br><br>Viruela del mono en el mundo<br>Hasta hace unos d\u00edas, Tedros Adhanom Ghebreyesus, director general de la OMS, inform\u00f3 que se hab\u00edan registrado mil casos de viruela del mono en 29 pa\u00edses.<br><br><br>\u201cYa se han notificado a la OMS m\u00e1s de mil casos confirmados de viruela del mono en 29 pa\u00edses en los que la enfermedad no es end\u00e9mica\u201d, Tedros Adhanom Ghebreyesus, director general de la OMS.<br><br><br>La enfermedad en M\u00e9xico<br>De acuerdo con el subsecretario de Prevenci\u00f3n y Promoci\u00f3n de la Salud, Hugo L\u00f3pez-Gatell, en M\u00e9xico hay cinco casos de la viruela del mono.<br><br><br>\u201cEn este momento ya llevamos cinco casos en M\u00e9xico; cuatro en la Ciudad de M\u00e9xico, uno que fue notificado en Jalisco y confirmado en Estados Unidos, porque el paciente, a pocas horas de que fue atendido en M\u00e9xico, se fue a Estados Unidos, donde reside\u201d,<br><br>Hugo L\u00f3pez-Gatell, subsecretario de Prevenci\u00f3n y Promoci\u00f3n de la Salud<br>L\u00f3pez-Gatell descart\u00f3 que la viruela del mono se vaya a convertir en una pandemia como el COVID-19, pues indic\u00f3 que lo m\u00e1s probable es que se encuentren algunos casos de manera espor\u00e1dica.<br><br>\u00bfQu\u00e9 se sabe de esta viruela?<br>La viruela del mono, que no suele ser mortal, y puede causar primero diversos s\u00edntomas como:<br><br>Fiebre<br>Dolores de cabeza<br>Dolores musculares o de espalda<br>Ganglios linf\u00e1ticos inflamados<br>Escalofr\u00edos<br>Fatiga<br>Luego aparecen erupciones (en la cara, las palmas de las manos, las plantas de los pies), lesiones, p\u00fastulas y finalmente costras. Sus s\u00edntomas suelen desaparecer al cabo de dos o tres semanas.<br><br>Seg\u00fan la OMS, al 8 de junio el n\u00famero de casos confirmados de la enfermedad era de mil 300 en el mundo en pa\u00edses no end\u00e9micos.<br><br>La viruela del mono es end\u00e9mica en 11 pa\u00edses de \u00c1frica occidental y en \u00c1frica central.<br><br><br><br><br>INF. DE AGENCIA\/AFP&#8230;..<br><br><br><br><br><br><br><br><br><br><br><br><br><br><br><br><br><br><br><br><br><br><br><br><br><br><br><\/p>\n","protected":false},"excerpt":{"rendered":"<p>OMS analizar\u00e1 si viruela del mono representa una \u201cemergencia de salud p\u00fablica\u201d. Foto: Getty Images REDACCION\/VOCESVER.COM\/NOTICIAS INTERNACIONAL.- A 15 DE<\/p>\n","protected":false},"author":2,"featured_media":35645,"comment_status":"open","ping_status":"open","sticky":false,"template":"","format":"standard","meta":{"colormag_page_container_layout":"default_layout","colormag_page_sidebar_layout":"default_layout","footnotes":""},"categories":[6],"tags":[],"class_list":["post-35639","post","type-post","status-publish","format-standard","has-post-thumbnail","hentry","category-internacional"],"_links":{"self":[{"href":"http:\/\/vocesver.com\/noticias\/wp-json\/wp\/v2\/posts\/35639","targetHints":{"allow":["GET"]}}],"collection":[{"href":"http:\/\/vocesver.com\/noticias\/wp-json\/wp\/v2\/posts"}],"about":[{"href":"http:\/\/vocesver.com\/noticias\/wp-json\/wp\/v2\/types\/post"}],"author":[{"embeddable":true,"href":"http:\/\/vocesver.com\/noticias\/wp-json\/wp\/v2\/users\/2"}],"replies":[{"embeddable":true,"href":"http:\/\/vocesver.com\/noticias\/wp-json\/wp\/v2\/comments?post=35639"}],"version-history":[{"count":2,"href":"http:\/\/vocesver.com\/noticias\/wp-json\/wp\/v2\/posts\/35639\/revisions"}],"predecessor-version":[{"id":35644,"href":"http:\/\/vocesver.com\/noticias\/wp-json\/wp\/v2\/posts\/35639\/revisions\/35644"}],"wp:featuredmedia":[{"embeddable":true,"href":"http:\/\/vocesver.com\/noticias\/wp-json\/wp\/v2\/media\/35645"}],"wp:attachment":[{"href":"http:\/\/vocesver.com\/noticias\/wp-json\/wp\/v2\/media?parent=35639"}],"wp:term":[{"taxonomy":"category","embeddable":true,"href":"http:\/\/vocesver.com\/noticias\/wp-json\/wp\/v2\/categories?post=35639"},{"taxonomy":"post_tag","embeddable":true,"href":"http:\/\/vocesver.com\/noticias\/wp-json\/wp\/v2\/tags?post=35639"}],"curies":[{"name":"wp","href":"https:\/\/api.w.org\/{rel}","templated":true}]}}