{"id":35633,"date":"2022-06-15T21:28:51","date_gmt":"2022-06-15T21:28:51","guid":{"rendered":"http:\/\/vocesver.com\/noticias\/?p=35633"},"modified":"2022-06-15T21:28:52","modified_gmt":"2022-06-15T21:28:52","slug":"por-danos-en-oaxaca-unam-instala-centro-de-acopio-para-damnificados-por-agatha","status":"publish","type":"post","link":"http:\/\/vocesver.com\/noticias\/por-danos-en-oaxaca-unam-instala-centro-de-acopio-para-damnificados-por-agatha\/","title":{"rendered":"Por da\u00f1os en Oaxaca: UNAM instala centro de acopio para damnificados por Agatha"},"content":{"rendered":"\n<p><br><br><br>El centro est\u00e1 ubicado en las astas de las banderas del Estadio Ol\u00edmpico Universitario. Foto: Cuartoscuro \/ Ilustrativa<br><br><br><br><br>REDACCI\u00d3N\/VOCESVER.COM\/NOTICIAS<br><br><br><br>NACIONAL.- A 15 DE JUNIO 2022- DE ACUERDO CON INFPRMACI\u00d3N DE DAVID GA\u00d1VAN\/REDACCI\u00d3N\/M\u00c9XICO\/UNOTV&#8230;.El paso del hurac\u00e1n Agatha dej\u00f3 afectaciones en algunas zonas del estado de Oaxaca, por ello, la Universidad Nacional Aut\u00f3noma de M\u00e9xico (UNAM) abri\u00f3 un centro que est\u00e1 habilitado en las astas de las banderas del Estadio Ol\u00edmpico Universitario.<br><br>\u201cLa comunidad universitaria se ha caracterizado por ser muy solidaria con causas sociales y con causas de todo tipo, particularmente cuando la poblaci\u00f3n de nuestro pa\u00eds se ve afectada en alguna regi\u00f3n, en sus bienes, en sus vidas, activamente con lo que sabe hacer o con las cosas que puede traer\u201d, asegur\u00f3 Luis Guti\u00e9rrez subdirector de Proyectos, Direcci\u00f3n General de la Atenci\u00f3n a la Comunidad, UNAM.<br><br>El se\u00f1or Germ\u00e1n Valdivia y su esposa ya apoyaron<br>\u201c-\u00bfD\u00f3nde se enter\u00f3 del centro de acopio?<br><br>-En el tel\u00e9fono me lleg\u00f3 un aviso. Es ropa tanto personal, como para uso de cama y cosas as\u00ed\u201d.<br><br><br>A este centro de acopio se suman dos m\u00e1s en Juriquilla, Quer\u00e9taro, en instalaciones de la UNAM y otro en Morelia.<br><br><br>Para facilidad de las personas que quieran acudir a este punto, viniendo sobre Insurgentes, en direcci\u00f3n a Perif\u00e9rico, hay una bah\u00eda frente al estadio donde podr\u00e1n ser recibidos por el voluntariado que los apoyara a recibir esta importante ayuda para las personas en Oaxaca.<br><br><br>\u00bfCu\u00e1l es el horario del centro de acopio de la UNAM?<br>El centro de acopio de la UNAM abri\u00f3 este mi\u00e9rcoles y recibir\u00e1 donaciones de las 8:00 y hasta las 19:00 horas. Permanecer\u00e1 abierto hasta el viernes 24 de junio, salvo los d\u00edas s\u00e1bado 18 y domingo 19.<br><br>La UNAM informa &gt; https:\/\/t.co\/lC6WcJHyZl pic.twitter.com\/xAPa1avZkG<br><br>\u2014 UNAM (@UNAM_MX) June 14, 2022<br>\u00bfQu\u00e9 vivieres llevar para apoyar a los damnificados de Oaxaca?<br>La UNAM solicit\u00f3 a la ciudadan\u00eda llevar:<br><br>Agua embotellada<br>Latas de comida vigentes como frijol o at\u00fan<br>Arroz y aceite<br>Art\u00edculos de ba\u00f1o (papel, jab\u00f3n, toallas femeninas, pa\u00f1ales, etc.)<br>Ropa en buen estado<br>L\u00e1minas tubulares para la reconstrucci\u00f3n de viviendas, as\u00ed como cobijas y colchonetas<br>\u201cDebido a los graves da\u00f1os que el hurac\u00e1n Agatha ocasion\u00f3 en d\u00edas pasados en poblaciones y comunidades de la costa y la sierra de Oaxaca, la Universidad Nacional Aut\u00f3noma de M\u00e9xico invita a las y los universitarios, y a la sociedad en general, a colaborar solidariamente con numerosas familias que quedaron sin techo y sin comida\u201d, a\u00f1adi\u00f3 la UNAM en un comunicado.<br><br>Te puede interesar: Blas se intensifica a hurac\u00e1n categor\u00eda 1 frente a costas de Guerrero y Michoac\u00e1n<br><br><br><br>INF. DE DAVID GALV\u00c1N\/REDACCI\u00d3N\/M\u00c9XICO\/UNOTV.&#8212;<br><br><br><br><br><br><br><br><br><br><br><br><br><br><br><br><br><br><br><br><br><br><br><br><br><br><br><br><br><\/p>\n","protected":false},"excerpt":{"rendered":"<p>El centro est\u00e1 ubicado en las astas de las banderas del Estadio Ol\u00edmpico Universitario. Foto: Cuartoscuro \/ Ilustrativa REDACCI\u00d3N\/VOCESVER.COM\/NOTICIAS NACIONAL.-<\/p>\n","protected":false},"author":2,"featured_media":35640,"comment_status":"open","ping_status":"open","sticky":false,"template":"","format":"standard","meta":{"colormag_page_container_layout":"default_layout","colormag_page_sidebar_layout":"default_layout","footnotes":""},"categories":[5],"tags":[],"class_list":["post-35633","post","type-post","status-publish","format-standard","has-post-thumbnail","hentry","category-nacional"],"_links":{"self":[{"href":"http:\/\/vocesver.com\/noticias\/wp-json\/wp\/v2\/posts\/35633","targetHints":{"allow":["GET"]}}],"collection":[{"href":"http:\/\/vocesver.com\/noticias\/wp-json\/wp\/v2\/posts"}],"about":[{"href":"http:\/\/vocesver.com\/noticias\/wp-json\/wp\/v2\/types\/post"}],"author":[{"embeddable":true,"href":"http:\/\/vocesver.com\/noticias\/wp-json\/wp\/v2\/users\/2"}],"replies":[{"embeddable":true,"href":"http:\/\/vocesver.com\/noticias\/wp-json\/wp\/v2\/comments?post=35633"}],"version-history":[{"count":2,"href":"http:\/\/vocesver.com\/noticias\/wp-json\/wp\/v2\/posts\/35633\/revisions"}],"predecessor-version":[{"id":35641,"href":"http:\/\/vocesver.com\/noticias\/wp-json\/wp\/v2\/posts\/35633\/revisions\/35641"}],"wp:featuredmedia":[{"embeddable":true,"href":"http:\/\/vocesver.com\/noticias\/wp-json\/wp\/v2\/media\/35640"}],"wp:attachment":[{"href":"http:\/\/vocesver.com\/noticias\/wp-json\/wp\/v2\/media?parent=35633"}],"wp:term":[{"taxonomy":"category","embeddable":true,"href":"http:\/\/vocesver.com\/noticias\/wp-json\/wp\/v2\/categories?post=35633"},{"taxonomy":"post_tag","embeddable":true,"href":"http:\/\/vocesver.com\/noticias\/wp-json\/wp\/v2\/tags?post=35633"}],"curies":[{"name":"wp","href":"https:\/\/api.w.org\/{rel}","templated":true}]}}