{"id":35628,"date":"2022-06-15T20:58:05","date_gmt":"2022-06-15T20:58:05","guid":{"rendered":"http:\/\/vocesver.com\/noticias\/?p=35628"},"modified":"2022-06-15T21:12:51","modified_gmt":"2022-06-15T21:12:51","slug":"convoca-hernandez-espejo-a-un-amparo-colectivo-contra-grupo-mas","status":"publish","type":"post","link":"http:\/\/vocesver.com\/noticias\/convoca-hernandez-espejo-a-un-amparo-colectivo-contra-grupo-mas\/","title":{"rendered":"Convoca Hern\u00e1ndez Espejo a un amparo colectivo contra Grupo MAS"},"content":{"rendered":"\n<p>Una iniciativa emanada de grupos de la sociedad civil<br>Las firmas del documento se har\u00e1n en la Casa del Pueblo<br>Toda concesi\u00f3n que comercialice el agua de uso dom\u00e9stico es un delito<br><br>REDACCI\u00d3N\/VOCESVER.COM\/NOTICIAS<br>Veracruz,Ver.- a 15 de Junio 2022.-Respaldada por abogados y asociaciones de la sociedad civil, la diputada federal Rosa Mar\u00eda Hern\u00e1ndez Espejo, se pronunci\u00f3 desde la Casa del Pueblo en favor de que el ayuntamiento de Veracruz emita, a trav\u00e9s del cabildo, el retiro de la concesi\u00f3n de agua a la empresa Grupo M\u00e1s.<br><br>La legisladora del Distrito 4 de Veracruz por Morena, indic\u00f3 que la competencia de inicio le corresponde a la autoridad municipal al ser quien entreg\u00f3 para su explotaci\u00f3n el servicio de agua, saneamiento y alcantarillado, para que a trav\u00e9s del Congreso del Estado de Veracruz se inicien de una vez las acciones legislativas que permitan rescindir el contrato.<br><br>Durante su intervenci\u00f3n, Rafael G\u00f3mez Casas, Vice-presidente del Colegio de Abogados de la ciudad de Veracruz convoc\u00f3 a la ciudadan\u00eda a que participen en la firma del amparo colectivo del pueblo en contra del corte injustificado del agua y el taponeo de los drenajes como parte de las acciones de presi\u00f3n a los ciudadanos deudores.<br><br>El tambi\u00e9n integrante del Movimiento Civil Independiente (MOCI), confirm\u00f3 que la Ley 21 del Estado permite ampararse en sus art\u00edculos 105 y 106, y para tal acci\u00f3n invit\u00f3 a la ciudadan\u00eda a que se acerquen a la Casa del Pueblo  (Esteban Morales esq. Madero) de la diputada con el objetivo de firmar el documento que traer\u00e1 justicia a la poblaci\u00f3n.<br><br>Pedro Rivera Garc\u00eda, abogado y militante de Morena subray\u00f3 que adem\u00e1s de que el art\u00edculo 4 constitucional garantiza el agua como derecho humano, que no puede suspenderse, aunque s\u00ed racionalizarse, sostiene que la Ley Org\u00e1nica del Municipio Libre en su art\u00edculo 97 establece que las quejas razonadas son suficientes para la extensi\u00f3n de la concesi\u00f3n.<br><br>Remarc\u00f3 que al ser el agua un derecho humano de uso dom\u00e9stico no puede ser comercializada, al considerar que toda concesi\u00f3n a nivel nacional, con estas caracter\u00edsticas representan un delito, \u201cy si en el 2015 la legislatura del estado, el gobernador en turno, aprobaron esta concesi\u00f3n, fuero actos ilegales, y vamos, con el apoyo de la diputada a organizar una denuncia ciudadana para quienes resulten responsables.<br><br>Hern\u00e1ndez Espejo indic\u00f3 que el pueblo veracruzano no tendr\u00eda que pagar m\u00e1s de 3 mil millones de peso por una supuesta reparaci\u00f3n del da\u00f1o de extinguirse la concesi\u00f3n, sino quienes aprobaron de manera ilegal, ventajosa y con total impunidad lo que representa a la luz de todos un negocio que beneficia \u00fanicamente a particulares y no al usuario.<br><br><br><br><br><br><br><br><br><br><br><br><br><br><br><br><br><br><br><br><br><br><br><br><br><br><br><br><br><br><br><br><\/p>\n","protected":false},"excerpt":{"rendered":"<p>Una iniciativa emanada de grupos de la sociedad civilLas firmas del documento se har\u00e1n en la Casa del PuebloToda concesi\u00f3n<\/p>\n","protected":false},"author":2,"featured_media":35637,"comment_status":"open","ping_status":"open","sticky":false,"template":"","format":"standard","meta":{"colormag_page_container_layout":"default_layout","colormag_page_sidebar_layout":"default_layout","footnotes":""},"categories":[2],"tags":[],"class_list":["post-35628","post","type-post","status-publish","format-standard","has-post-thumbnail","hentry","category-infogral"],"_links":{"self":[{"href":"http:\/\/vocesver.com\/noticias\/wp-json\/wp\/v2\/posts\/35628","targetHints":{"allow":["GET"]}}],"collection":[{"href":"http:\/\/vocesver.com\/noticias\/wp-json\/wp\/v2\/posts"}],"about":[{"href":"http:\/\/vocesver.com\/noticias\/wp-json\/wp\/v2\/types\/post"}],"author":[{"embeddable":true,"href":"http:\/\/vocesver.com\/noticias\/wp-json\/wp\/v2\/users\/2"}],"replies":[{"embeddable":true,"href":"http:\/\/vocesver.com\/noticias\/wp-json\/wp\/v2\/comments?post=35628"}],"version-history":[{"count":2,"href":"http:\/\/vocesver.com\/noticias\/wp-json\/wp\/v2\/posts\/35628\/revisions"}],"predecessor-version":[{"id":35634,"href":"http:\/\/vocesver.com\/noticias\/wp-json\/wp\/v2\/posts\/35628\/revisions\/35634"}],"wp:featuredmedia":[{"embeddable":true,"href":"http:\/\/vocesver.com\/noticias\/wp-json\/wp\/v2\/media\/35637"}],"wp:attachment":[{"href":"http:\/\/vocesver.com\/noticias\/wp-json\/wp\/v2\/media?parent=35628"}],"wp:term":[{"taxonomy":"category","embeddable":true,"href":"http:\/\/vocesver.com\/noticias\/wp-json\/wp\/v2\/categories?post=35628"},{"taxonomy":"post_tag","embeddable":true,"href":"http:\/\/vocesver.com\/noticias\/wp-json\/wp\/v2\/tags?post=35628"}],"curies":[{"name":"wp","href":"https:\/\/api.w.org\/{rel}","templated":true}]}}