{"id":35439,"date":"2022-06-03T22:47:47","date_gmt":"2022-06-03T22:47:47","guid":{"rendered":"http:\/\/vocesver.com\/noticias\/?p=35439"},"modified":"2022-06-03T22:49:30","modified_gmt":"2022-06-03T22:49:30","slug":"veracruz-no-tiene-rumbo-ni-ruta","status":"publish","type":"post","link":"http:\/\/vocesver.com\/noticias\/veracruz-no-tiene-rumbo-ni-ruta\/","title":{"rendered":"Veracruz no tiene rumbo ni ruta"},"content":{"rendered":"\n<p>-Al gobernador le importa m\u00e1s su &#8216;Salsa Fest&#8217; que la inseguridad de la entidad<br>-Sergio Cadena toma protesta a Marisol Arely Salazar Cano, como delegada del Distrito VIII en Misantla.<br><br><br>REDACCI\u00d3N\/VOCESVER.COM\/NOTICIAS<br>Misantla, Ver., a viernes 03 de junio del 2022.- El presidente de la Direcci\u00f3n Estatal Ejecutiva del PRD en Veracruz, Sergio Cadena Mart\u00ednez, expres\u00f3 que la entidad veracruzana no tiene rumbo con la actual administraci\u00f3n estatal, por lo que reconoci\u00f3 la gran responsabilidad que adquiri\u00f3 este viernes Marisol Arely Salazar Cano, como delegada del Distrito VIII en Misantla.<br><br>Cadena Mart\u00ednez pidi\u00f3 a las decenas de militantes perredistas que asistieron a la toma de protesta de Marisol, respaldarla y apoyarla al momento de recorrer los 18 municipios que conforman el distrito.<br><br>Critic\u00f3 que actualmente el gobernador de Veracruz, Cuitl\u00e1huac Garc\u00eda Jim\u00e9nez, est\u00e1 m\u00e1s preocupado por el \u00abSalsa Fest\u00bb que por la inseguridad que impera en la entidad, es por ello que refrend\u00f3 su compromiso para seguir fortaleciendo al PRD y ser el cambio que requiere y que tanto pide el pueblo.<br><br>En la toma de protesta se cont\u00f3 con la presencia del diputado local, Othon Hern\u00e1ndez Candanedo; el delegado distrital del PRD en Perote, Lauro Mart\u00ednez Mart\u00ednez; el Secretario General del PRD Estatal, Roberto Pe\u00f1a Gonz\u00e1lez; la Secretaria de Planeaci\u00f3n Estrat\u00e9gica, Naira Rodr\u00edguez Sibrian; y el exdiputado federal Jos\u00e9 Le\u00f3n Mendivil.<br><br>\u00a1Patria ya, democracia para todo!<br><br><br><br><br><br><br><br><br><br><br><br><br><br><br><br><br><br><br><br><br><br><br><br><br><br><br><br><br><br><br><br><br><br><\/p>\n","protected":false},"excerpt":{"rendered":"<p>-Al gobernador le importa m\u00e1s su &#8216;Salsa Fest&#8217; que la inseguridad de la entidad-Sergio Cadena toma protesta a Marisol Arely<\/p>\n","protected":false},"author":2,"featured_media":35445,"comment_status":"open","ping_status":"open","sticky":false,"template":"","format":"standard","meta":{"colormag_page_container_layout":"default_layout","colormag_page_sidebar_layout":"default_layout","footnotes":""},"categories":[2],"tags":[],"class_list":["post-35439","post","type-post","status-publish","format-standard","has-post-thumbnail","hentry","category-infogral"],"_links":{"self":[{"href":"http:\/\/vocesver.com\/noticias\/wp-json\/wp\/v2\/posts\/35439","targetHints":{"allow":["GET"]}}],"collection":[{"href":"http:\/\/vocesver.com\/noticias\/wp-json\/wp\/v2\/posts"}],"about":[{"href":"http:\/\/vocesver.com\/noticias\/wp-json\/wp\/v2\/types\/post"}],"author":[{"embeddable":true,"href":"http:\/\/vocesver.com\/noticias\/wp-json\/wp\/v2\/users\/2"}],"replies":[{"embeddable":true,"href":"http:\/\/vocesver.com\/noticias\/wp-json\/wp\/v2\/comments?post=35439"}],"version-history":[{"count":2,"href":"http:\/\/vocesver.com\/noticias\/wp-json\/wp\/v2\/posts\/35439\/revisions"}],"predecessor-version":[{"id":35444,"href":"http:\/\/vocesver.com\/noticias\/wp-json\/wp\/v2\/posts\/35439\/revisions\/35444"}],"wp:featuredmedia":[{"embeddable":true,"href":"http:\/\/vocesver.com\/noticias\/wp-json\/wp\/v2\/media\/35445"}],"wp:attachment":[{"href":"http:\/\/vocesver.com\/noticias\/wp-json\/wp\/v2\/media?parent=35439"}],"wp:term":[{"taxonomy":"category","embeddable":true,"href":"http:\/\/vocesver.com\/noticias\/wp-json\/wp\/v2\/categories?post=35439"},{"taxonomy":"post_tag","embeddable":true,"href":"http:\/\/vocesver.com\/noticias\/wp-json\/wp\/v2\/tags?post=35439"}],"curies":[{"name":"wp","href":"https:\/\/api.w.org\/{rel}","templated":true}]}}