{"id":35432,"date":"2022-06-03T22:39:51","date_gmt":"2022-06-03T22:39:51","guid":{"rendered":"http:\/\/vocesver.com\/noticias\/?p=35432"},"modified":"2022-06-04T02:18:27","modified_gmt":"2022-06-04T02:18:27","slug":"union-nacional-de-marineros-celebro-este-viernes-el-dia-de-la-marina","status":"publish","type":"post","link":"http:\/\/vocesver.com\/noticias\/union-nacional-de-marineros-celebro-este-viernes-el-dia-de-la-marina\/","title":{"rendered":"UNI\u00d3N NACIONAL DE MARINEROS CELEBR\u00d3  ESTE VIERNES EL DIA DE LA MARINA."},"content":{"rendered":"\n<p><br>\u00b0Predomin\u00f3 un ambiente de gran camarader\u00eda, asisti\u00f3 un nutrido n\u00fameros de trabajadores del Mar.<br>\u00b0El festejo estuvo amenizado con una rica comida ,tamales de masa y elote.<br>\u00b0A la celebraci\u00f3n asistieron representantes de empresas navieras y dirigentes de sindicatos hermanos de esta organizaci\u00f3n.<br>AUSENCIO RIVERA\/VOCESVER.COM \/NOTICIAS<br>Veracruz,Ver,. a 3 de Junio 2022.- Debido a que muchos marineros se encontraban trabajando en los barcos con los que tienen contrato colectivo de trabajo el 1 de Junio, fue hasta este viernes cuando la Uni\u00f3n Nacional de Marineros del Puerto de Veracruz celebr\u00f3 el D\u00eda de la Marina con un nutrido n\u00famero de marineros que pertenecen a esta organizaci\u00f3n sindical considerada como una de las m\u00e1s fuertes del pa\u00eds ya que en la actualidad aglutina a por lo menos 2 mil trabajadores del mar.<br>El festejo se realiz\u00f3 en las instalaciones de la Uni\u00f3n de Marineros (UNMVER)enclavada en pleno coraz\u00f3n de la Ciudad de Veracruz y estuvo presidido por su dirigente sindical Honorio A.Galv\u00e1n Aguiar secretario general y, quien estuvo acompa\u00f1ado de su comit\u00e9 en pleno.<br>La celebraci\u00f3n inici\u00f3 en punto de las catorce horas con una rica comida, tamales de masa y de elote; predomin\u00f3 un ambiente de gran camarader\u00eda entre todos los asistentes quienes pasaron una gran velada, pues el \u201cpachang\u00f3n\u201dse prolong\u00f3 por varias horas.<br>Al festejo asistieron como invitados especiales algunos empresarios navieros y otros dirigentes sindicales de organizaciones hermanas del gremio mar\u00edtimo.<br>Por parte de la Orden Mexicana de Profesionales Mar\u00edtimos y Portuarios, Similares y Conexos asisti\u00f3 el secretario general Capit\u00e1n  Antonio Rodr\u00edguez Fritz y el secretario de finanzas Ysmael Garc\u00eda Mu\u00f1oz, as\u00ed como el Capit\u00e1n Enrique Lozano D\u00edaz inspector de ITF del puerto de Veracruz.<br>Durante la celebraci\u00f3n el secretario general de la Uni\u00f3n Nacional de Marineros Honorio A.Galv\u00e1n Aguilar agradeci\u00f3 de entrada la presencia de todos los ah\u00ed presentes, al tiempo que les ofreci\u00f3 una cordial felicitaci\u00f3n a todos los trabajadores del mar que pertenecen a esta organizaci\u00f3n en el marco del D\u00eda de la Marina.<br>En su mensaje destac\u00f3 que este gremio poco a poco se repone de los embates del covid-19  y est\u00e1 saliendo adelante con el esfuerzo de todos los trabajadores del mar quienes a pesar de alto riesgo de peligrosidad que esta pandemia represent\u00f3 est\u00e1n sobresaliendo por el bien del pa\u00eds y de sus familias.<br><br><br><br><br><br><br><br><br><br><br><br><br><br><br><br><br><br><br><br><br><br><br><br><br><br><br><br><br><br><br><br><br><br><br><br><br><\/p>\n","protected":false},"excerpt":{"rendered":"<p>\u00b0Predomin\u00f3 un ambiente de gran camarader\u00eda, asisti\u00f3 un nutrido n\u00fameros de trabajadores del Mar.\u00b0El festejo estuvo amenizado con una rica<\/p>\n","protected":false},"author":2,"featured_media":35441,"comment_status":"open","ping_status":"open","sticky":false,"template":"","format":"standard","meta":{"colormag_page_container_layout":"default_layout","colormag_page_sidebar_layout":"default_layout","footnotes":""},"categories":[2],"tags":[],"class_list":["post-35432","post","type-post","status-publish","format-standard","has-post-thumbnail","hentry","category-infogral"],"_links":{"self":[{"href":"http:\/\/vocesver.com\/noticias\/wp-json\/wp\/v2\/posts\/35432","targetHints":{"allow":["GET"]}}],"collection":[{"href":"http:\/\/vocesver.com\/noticias\/wp-json\/wp\/v2\/posts"}],"about":[{"href":"http:\/\/vocesver.com\/noticias\/wp-json\/wp\/v2\/types\/post"}],"author":[{"embeddable":true,"href":"http:\/\/vocesver.com\/noticias\/wp-json\/wp\/v2\/users\/2"}],"replies":[{"embeddable":true,"href":"http:\/\/vocesver.com\/noticias\/wp-json\/wp\/v2\/comments?post=35432"}],"version-history":[{"count":3,"href":"http:\/\/vocesver.com\/noticias\/wp-json\/wp\/v2\/posts\/35432\/revisions"}],"predecessor-version":[{"id":35451,"href":"http:\/\/vocesver.com\/noticias\/wp-json\/wp\/v2\/posts\/35432\/revisions\/35451"}],"wp:featuredmedia":[{"embeddable":true,"href":"http:\/\/vocesver.com\/noticias\/wp-json\/wp\/v2\/media\/35441"}],"wp:attachment":[{"href":"http:\/\/vocesver.com\/noticias\/wp-json\/wp\/v2\/media?parent=35432"}],"wp:term":[{"taxonomy":"category","embeddable":true,"href":"http:\/\/vocesver.com\/noticias\/wp-json\/wp\/v2\/categories?post=35432"},{"taxonomy":"post_tag","embeddable":true,"href":"http:\/\/vocesver.com\/noticias\/wp-json\/wp\/v2\/tags?post=35432"}],"curies":[{"name":"wp","href":"https:\/\/api.w.org\/{rel}","templated":true}]}}