{"id":35422,"date":"2022-06-02T22:11:51","date_gmt":"2022-06-02T22:11:51","guid":{"rendered":"http:\/\/vocesver.com\/noticias\/?p=35422"},"modified":"2022-06-02T22:14:39","modified_gmt":"2022-06-02T22:14:39","slug":"transportistas-que-bloquearon-avenidas-de-cdmx-marchan-y-protestan-en-el-zocalo","status":"publish","type":"post","link":"http:\/\/vocesver.com\/noticias\/transportistas-que-bloquearon-avenidas-de-cdmx-marchan-y-protestan-en-el-zocalo\/","title":{"rendered":"Transportistas que bloquearon avenidas de CDMX marchan y protestan en el Z\u00f3calo"},"content":{"rendered":"\n<p><br>Los contingentes de la Fuerza Amplia de Transportistas se dirigieron al Z\u00f3calo capitalino. Foto: Uno TV.<br><br><br>REDACCI\u00d3N\/VOCESVER.COM\/NOTICIAS<br><br><br>NACIONAL.-(CIUDAD DE M\u00c9XICO)&#8230;A 2 DE jUNIO 2022.- DE ACUERDO CON INFORMACI\u00d3N DE MELINA OCHOA\/IREDACCI\u00d3N\/CIUDAD DE M\u00c9XICO\/UNOTV&#8230;.ntegrantes de la Fuerza Amplia de Transportistas (FAT) marcharon durante 3 horas y 45 minutos desde avenida Constituyentes y Paseo de la Reforma hasta el Z\u00f3calo en Ciudad de M\u00e9xico para exigir un incremento a la tarifa de 3 pesos.<br><br>Despu\u00e9s de bloquear durante tres horas los accesos de Constituyentes y Paseo de la Reforma, los transportistas comenzaron a marchar a las 10:15 horas para evitar ser encapsulados.<br><br>Avanzaron por Constituyentes hasta Circuito Interior, despu\u00e9s doblaron en avenida Chapultepec, siguieron por Dr. R\u00edo de la Loza, dieron vuelta en avenida 20 de Noviembre hasta llegar al Z\u00f3calo a las 14:00 horas.<br><br><br>#AlMomento<br><br>Transportistas empiezan a llegar al Z\u00f3calo de la CDMX pic.twitter.com\/C0iXp6HU70<br><br>\u2014 Uno TV (@UnoNoticias) June 2, 2022<br>[Movilizaciones y bloqueos en CDMX este 2 de junio de 2022: ve minuto a minuto y \u00faltimas noticias]<br>\u00bfD\u00f3nde fueron los bloqueos de los transportistas y cu\u00e1les vialidades fueron liberadas?<br>Al mediod\u00eda, aproximadamente, el Gobierno de la Ciudad de M\u00e9xico explic\u00f3 que los puntos tomados por los transportistas ya fueron liberados, entre ellos:<br><br><br>Taxque\u00f1a y Miramontes<br>Divisi\u00f3n del Norte y Muyuguarda<br>Revoluci\u00f3n y Dr. G\u00e1lvez<br>Insurgentes Norte y Ticom\u00e1n<br>Ticom\u00e1n y Acueducto de Guadalupe<br>Insurgentes Sur y Dr. G\u00e1lvez<br>Constituyentes y Reforma<br>Prolongaci\u00f3n Divisi\u00f3n del Norte y 20 de Noviembre<br>Tlalpan y Divisi\u00f3n de Norte<br>Francisco Goitia y 16 de Septiembre<br>San Juan de Arag\u00f3n y Ferrocarril Hidalgo<br>\u00bfQu\u00e9 piden los transportistas al Gobierno de Ciudad de M\u00e9xico?<br>Entre las peticiones de los transportistas, destaca un aumento de tres pesos en la tarifa que se cobra actualmente; es decir, pasar de los cinco a los ocho pesos por pasaje, y, de esta manera, compensar el alza en los precios de los combustibles y el mantenimiento de las unidades.<br><br><br>Alrededor de 150 elementos adheridos a la Secretar\u00eda de Seguridad Ciudadana de Ciudad de M\u00e9xico (SSC-CDMX) marcharon junto con el contingente que comenz\u00f3 la marcha con 200 manifestantes y lleg\u00f3 con un grupo disminuido de aproximadamente 50 personas.<br><br><br>INF.DE MELINA OCHOA\/REDACCI\u00d3N\/CIUDAD DE M\u00c9XICO\/UNOTV..<br><br><br><br><br><br><br><br><br><br><br><br><br><br><br><br><br><br><br><br><br><br><br><br><br><br><br><br><br><br><br><br><br><\/p>\n","protected":false},"excerpt":{"rendered":"<p>Los contingentes de la Fuerza Amplia de Transportistas se dirigieron al Z\u00f3calo capitalino. Foto: Uno TV. REDACCI\u00d3N\/VOCESVER.COM\/NOTICIAS NACIONAL.-(CIUDAD DE M\u00c9XICO)&#8230;A<\/p>\n","protected":false},"author":2,"featured_media":35430,"comment_status":"open","ping_status":"open","sticky":false,"template":"","format":"standard","meta":{"colormag_page_container_layout":"default_layout","colormag_page_sidebar_layout":"default_layout","footnotes":""},"categories":[5],"tags":[],"class_list":["post-35422","post","type-post","status-publish","format-standard","has-post-thumbnail","hentry","category-nacional"],"_links":{"self":[{"href":"http:\/\/vocesver.com\/noticias\/wp-json\/wp\/v2\/posts\/35422","targetHints":{"allow":["GET"]}}],"collection":[{"href":"http:\/\/vocesver.com\/noticias\/wp-json\/wp\/v2\/posts"}],"about":[{"href":"http:\/\/vocesver.com\/noticias\/wp-json\/wp\/v2\/types\/post"}],"author":[{"embeddable":true,"href":"http:\/\/vocesver.com\/noticias\/wp-json\/wp\/v2\/users\/2"}],"replies":[{"embeddable":true,"href":"http:\/\/vocesver.com\/noticias\/wp-json\/wp\/v2\/comments?post=35422"}],"version-history":[{"count":3,"href":"http:\/\/vocesver.com\/noticias\/wp-json\/wp\/v2\/posts\/35422\/revisions"}],"predecessor-version":[{"id":35429,"href":"http:\/\/vocesver.com\/noticias\/wp-json\/wp\/v2\/posts\/35422\/revisions\/35429"}],"wp:featuredmedia":[{"embeddable":true,"href":"http:\/\/vocesver.com\/noticias\/wp-json\/wp\/v2\/media\/35430"}],"wp:attachment":[{"href":"http:\/\/vocesver.com\/noticias\/wp-json\/wp\/v2\/media?parent=35422"}],"wp:term":[{"taxonomy":"category","embeddable":true,"href":"http:\/\/vocesver.com\/noticias\/wp-json\/wp\/v2\/categories?post=35422"},{"taxonomy":"post_tag","embeddable":true,"href":"http:\/\/vocesver.com\/noticias\/wp-json\/wp\/v2\/tags?post=35422"}],"curies":[{"name":"wp","href":"https:\/\/api.w.org\/{rel}","templated":true}]}}