{"id":35418,"date":"2022-06-02T14:45:53","date_gmt":"2022-06-02T14:45:53","guid":{"rendered":"http:\/\/vocesver.com\/noticias\/?p=35418"},"modified":"2022-06-02T14:47:02","modified_gmt":"2022-06-02T14:47:02","slug":"la-orden-mexicana-de-profesionales-maritmos-presente-en-la-celebracion-del-dia-de-la-marina","status":"publish","type":"post","link":"http:\/\/vocesver.com\/noticias\/la-orden-mexicana-de-profesionales-maritmos-presente-en-la-celebracion-del-dia-de-la-marina\/","title":{"rendered":"LA ORDEN MEXICANA DE PROFESIONALES MAR\u00cdTMOS PRESENTE EN LA CELEBRACI\u00d3N DEL D\u00cdA DE LA MARINA."},"content":{"rendered":"\n<p>\u00b0El capit\u00e1n Enrique Lozano D\u00edaz acudi\u00f3 con la representaci\u00f3n de esta organizaci\u00f3n.<br>\u00b0Se llev\u00f3 a cabo en las instalaciones de la Escuela N\u00e1utica de Veracruz.<br><br>Veracruz,Ver,. a 2 de Junio 2022.-El Capit\u00e1n Enrique Lozano D\u00edaz acudi\u00f3 a la ceremonia del D\u00eda de la Marina que se llev\u00f3 a cabo en las instalaciones de la Escuela N\u00e1utica Capit\u00e1n de Altura\u201d Fernando Siliceo y Torres\u201d. El acudi\u00f3 con la representaci\u00f3n de la Orden Mexicana de Profesionales Mar\u00edtimos y Portuarios,Similares y Conexos. Foto Ausencio RIVERA\u2026<br><br><br><br><br><br><br><br><br><br><br><br><br><br><br><br><br><br><br><br><br><br><br><br><br><br><br><br><br><br><br><br><br><br><br><br><\/p>\n","protected":false},"excerpt":{"rendered":"<p>\u00b0El capit\u00e1n Enrique Lozano D\u00edaz acudi\u00f3 con la representaci\u00f3n de esta organizaci\u00f3n.\u00b0Se llev\u00f3 a cabo en las instalaciones de la<\/p>\n","protected":false},"author":2,"featured_media":35424,"comment_status":"open","ping_status":"open","sticky":false,"template":"","format":"standard","meta":{"colormag_page_container_layout":"default_layout","colormag_page_sidebar_layout":"default_layout","footnotes":""},"categories":[2],"tags":[],"class_list":["post-35418","post","type-post","status-publish","format-standard","has-post-thumbnail","hentry","category-infogral"],"_links":{"self":[{"href":"http:\/\/vocesver.com\/noticias\/wp-json\/wp\/v2\/posts\/35418","targetHints":{"allow":["GET"]}}],"collection":[{"href":"http:\/\/vocesver.com\/noticias\/wp-json\/wp\/v2\/posts"}],"about":[{"href":"http:\/\/vocesver.com\/noticias\/wp-json\/wp\/v2\/types\/post"}],"author":[{"embeddable":true,"href":"http:\/\/vocesver.com\/noticias\/wp-json\/wp\/v2\/users\/2"}],"replies":[{"embeddable":true,"href":"http:\/\/vocesver.com\/noticias\/wp-json\/wp\/v2\/comments?post=35418"}],"version-history":[{"count":2,"href":"http:\/\/vocesver.com\/noticias\/wp-json\/wp\/v2\/posts\/35418\/revisions"}],"predecessor-version":[{"id":35423,"href":"http:\/\/vocesver.com\/noticias\/wp-json\/wp\/v2\/posts\/35418\/revisions\/35423"}],"wp:featuredmedia":[{"embeddable":true,"href":"http:\/\/vocesver.com\/noticias\/wp-json\/wp\/v2\/media\/35424"}],"wp:attachment":[{"href":"http:\/\/vocesver.com\/noticias\/wp-json\/wp\/v2\/media?parent=35418"}],"wp:term":[{"taxonomy":"category","embeddable":true,"href":"http:\/\/vocesver.com\/noticias\/wp-json\/wp\/v2\/categories?post=35418"},{"taxonomy":"post_tag","embeddable":true,"href":"http:\/\/vocesver.com\/noticias\/wp-json\/wp\/v2\/tags?post=35418"}],"curies":[{"name":"wp","href":"https:\/\/api.w.org\/{rel}","templated":true}]}}