{"id":35414,"date":"2022-05-31T22:20:32","date_gmt":"2022-05-31T22:20:32","guid":{"rendered":"http:\/\/vocesver.com\/noticias\/?p=35414"},"modified":"2022-05-31T22:21:37","modified_gmt":"2022-05-31T22:21:37","slug":"tras-tiroteo-en-texas-comienzan-los-funerales-de-las-victimas","status":"publish","type":"post","link":"http:\/\/vocesver.com\/noticias\/tras-tiroteo-en-texas-comienzan-los-funerales-de-las-victimas\/","title":{"rendered":"Tras tiroteo en Texas, comienzan los funerales de las v\u00edctimas"},"content":{"rendered":"\n<p><br><br>En el tiroteo murieron 19 ni\u00f1os. Foto: Reuters \/ Archivo<br><br><br>REDACCI\u00d3N\/VOCESVER.COM\/NOTICIAS<br><br><br>INTERNACIONAL.- A 31 DE  MAYO 2022.- DE ACUERDO CON INFORMACI\u00d3N DE AGENCIAS\/E.U.\/AFP&#8230;&#8230;Una semana despu\u00e9s del tiroteo en una escuela de Uvalde, Texas, Estados Unidos, los funerales de   las primeras v\u00edctimas de la matanza comenzaron; una de las peores de los \u00faltimos a\u00f1os en el pa\u00eds.<br><br><br>Los funerales de los 19 ni\u00f1os y dos maestras, fallecidos el 24 de mayo, cuando Salvador Ramos, de 18 a\u00f1os, abri\u00f3 fuego en la Escuela Primaria Robb, se prolongar\u00e1n hasta mediados de junio.<br>Una de las primeras ceremonias, ser\u00e1 la de Amerie Jo Garza, que acababa de celebrar su d\u00e9cimo cumplea\u00f1os. Esta \u201cpeque\u00f1a diva curiosa que \u2018odiaba los vestidos\u2019 y ten\u00eda un gran coraz\u00f3n\u201d so\u00f1aba con volverse profesora de arte, escribi\u00f3 su familia en un obituario.<br><br>El funeral de Maite Rodr\u00edguez, de 10 a\u00f1os, est\u00e1 previsto a las 19 horas (tiempo local). La ni\u00f1a, que quer\u00eda ser bi\u00f3loga marina, era \u201camable, carism\u00e1tica, amorosa\u201d, escribi\u00f3 su madre, Ana Rodr\u00edguez, en Facebook.<br><br><br>En medio del duelo, en Uvalde, Texas, tambi\u00e9n hab\u00eda ira por la respuesta de la polic\u00eda, objeto de intensas cr\u00edticas por haber tardado en abatir al pistolero. Una \u201cdecisi\u00f3n err\u00f3nea\u201d, admiti\u00f3 el director del Departamento de Seguridad P\u00fablica de Texas, Steven McCraw.<br>Protestan por el tiroteo en Uvalde, Texas<br>Cuando el presidente de Estados Unidos, Joe Biden, visit\u00f3 Uvalde el fin de semana, los gritos de \u201c\u00a1Hagan algo!\u201d, resonaron entre la multitud.<br><br>El tiroteo, el \u00faltimo de una epidemia de violencia armada en Estados Unidos, se produjo menos de dos semanas despu\u00e9s de que 10 personas murieran en un ataque en una tienda de Buffalo por parte de un joven que ten\u00eda como objetivo a los afroamericanos, y provoc\u00f3 llamados desesperados a favor de una reforma de las armas.<br><br>El presidente \u201cdebe aprobar leyes para que podamos proteger a los ni\u00f1os de las AR-15\u201d, el arma semiautom\u00e1tica usada en la escuela Robb, reclam\u00f3 Robert Robles, de 73 a\u00f1os.<br><br>Ricardo Garc\u00eda, de 47 a\u00f1os y quien trabajaba en el hospital de Uvalde, cont\u00f3 que no logra \u201csacar de su cabeza el llanto de las madres a las que se les anunciaba la noticia fatal\u201d.<br>Si bien los tiroteos masivos sacuden a la opini\u00f3n p\u00fablica y generan demandas moment\u00e1neas de cambio, la regulaci\u00f3n de armas enfrenta una fuerte resistencia por parte de la mayor\u00eda de los republicanos y algunos dem\u00f3cratas de los estados rurales.<br><br>El lunes, Biden prometi\u00f3 \u201cseguir presionando\u201d por una regulaci\u00f3n m\u00e1s estricta de las armas de fuego<br><br><br>INF. DE AGENCIAS\/E,U.\/AFP&#8230;&#8230;.<br><br><br><br><br><br><br><br><br><br><br><br><br><br><br><br><br><br><br><br><br><br><br><br><br><br><br><br><br><\/p>\n","protected":false},"excerpt":{"rendered":"<p>En el tiroteo murieron 19 ni\u00f1os. Foto: Reuters \/ Archivo REDACCI\u00d3N\/VOCESVER.COM\/NOTICIAS INTERNACIONAL.- A 31 DE MAYO 2022.- DE ACUERDO CON<\/p>\n","protected":false},"author":2,"featured_media":35420,"comment_status":"open","ping_status":"open","sticky":false,"template":"","format":"standard","meta":{"colormag_page_container_layout":"default_layout","colormag_page_sidebar_layout":"default_layout","footnotes":""},"categories":[6],"tags":[],"class_list":["post-35414","post","type-post","status-publish","format-standard","has-post-thumbnail","hentry","category-internacional"],"_links":{"self":[{"href":"http:\/\/vocesver.com\/noticias\/wp-json\/wp\/v2\/posts\/35414","targetHints":{"allow":["GET"]}}],"collection":[{"href":"http:\/\/vocesver.com\/noticias\/wp-json\/wp\/v2\/posts"}],"about":[{"href":"http:\/\/vocesver.com\/noticias\/wp-json\/wp\/v2\/types\/post"}],"author":[{"embeddable":true,"href":"http:\/\/vocesver.com\/noticias\/wp-json\/wp\/v2\/users\/2"}],"replies":[{"embeddable":true,"href":"http:\/\/vocesver.com\/noticias\/wp-json\/wp\/v2\/comments?post=35414"}],"version-history":[{"count":2,"href":"http:\/\/vocesver.com\/noticias\/wp-json\/wp\/v2\/posts\/35414\/revisions"}],"predecessor-version":[{"id":35419,"href":"http:\/\/vocesver.com\/noticias\/wp-json\/wp\/v2\/posts\/35414\/revisions\/35419"}],"wp:featuredmedia":[{"embeddable":true,"href":"http:\/\/vocesver.com\/noticias\/wp-json\/wp\/v2\/media\/35420"}],"wp:attachment":[{"href":"http:\/\/vocesver.com\/noticias\/wp-json\/wp\/v2\/media?parent=35414"}],"wp:term":[{"taxonomy":"category","embeddable":true,"href":"http:\/\/vocesver.com\/noticias\/wp-json\/wp\/v2\/categories?post=35414"},{"taxonomy":"post_tag","embeddable":true,"href":"http:\/\/vocesver.com\/noticias\/wp-json\/wp\/v2\/tags?post=35414"}],"curies":[{"name":"wp","href":"https:\/\/api.w.org\/{rel}","templated":true}]}}