{"id":35402,"date":"2022-05-31T22:00:25","date_gmt":"2022-05-31T22:00:25","guid":{"rendered":"http:\/\/vocesver.com\/noticias\/?p=35402"},"modified":"2022-05-31T22:04:42","modified_gmt":"2022-05-31T22:04:42","slug":"teatro-lolo-navarro-anunca-curso-taller-sobre-fotodrama","status":"publish","type":"post","link":"http:\/\/vocesver.com\/noticias\/teatro-lolo-navarro-anunca-curso-taller-sobre-fotodrama\/","title":{"rendered":"TEATRO LOL\u00d3 NAVARRO ANUNCA  CURSO TALLER SOBRE FOTODRAMA."},"content":{"rendered":"\n<p>\u00b0Tendr\u00e1 una duraci\u00f3n de 3 meses, se imparte en el Sal\u00f3n del Teatro Clavijero de esta Ciudad.<br>AUSENCIO RIVERA\/VOCESVER.COM\/NOTICIAS<br><br>Veracruz,Ver.- A 31 de Mayo 2022.- El Taller de Teatro Lol\u00f3 Navarro impartir\u00e1 un curso taller sobre Fotodrama durante tres meses en el puerto de Veracruz,de lunes a viernes.<br>Lo anterior lo dieron a conocer Carlos Arturo Corona y Carlos Salda\u00f1a Sandr\u00eda quienes explicar\u00f3n que el cursos se lleva a a cabo en el Sal\u00f3n del Teatro Clavijero de esta Ciudad de 6 a 8 pm.<br>Nos damos cuenta con mucha tristeza que nuestros alumnos de actuaci\u00f3n no saben como pararse ante una c\u00e1mara,ni como manejar su lectura corporal  y eso es una indicaci\u00f3n que nos se\u00f1ala como carentes de elementos profesionales  que les permitan a los eudacandos enfrentar un medio hostil y dram\u00e1tico como lo es la c\u00e1mara de TV  y a\u00fan m\u00e1s impactante la c\u00e1mara de cine explicar\u00f3n.<br>Ambos mentores se\u00f1alar\u00f3n que por esa raz\u00f3n es que actores con gran talento se quedan fuera de algunos trabajos por los mecanismos de defensa que les bloquea su presentaci\u00f3n.<br>Destacar\u00f3n por experiencia vemos como a veces no importa tener el perfil,lo que interesa al productor o director es que no  se pierda el tiempo por los costos que ocasiona las inseguridades actorales. Un actor  que sepa manejar su lenguaje fon\u00e9tico, corporal  y visual es el indicado para un trabajo.<br>Al se\u00f1alar que a  este curso solo se pedir\u00e1 a los interesados una cooperaci\u00f3n de 300 pesos mensuales, al tiempo que agregar\u00f3n el talento es lo m\u00e1s importante,sin embargo, la t\u00e9cnica lo convierte en profesional.<br>Es una de las muchas razones para que el estudiante de actuaci\u00f3n enfrente la t\u00e9cnica de la fotograf\u00eda que le dar\u00e1 soporte y seguridad para conocer planos,perfiles y manejo apropiado de comunicaci\u00f3n  en un casting,g donde lo que se requiere es adem\u00e1s del talento y perfil,el dominio del tiempo y del espacio. Cuando se logra el dominio ante el manejador de c\u00e1mara es una gran ventaja para la selecci\u00f3n  del talento que se va a contratar.<br>Para mayor informaci\u00f3n sobre este curso hablar al tel\u00e9fono celular de Carlos Arturo Corona que el  22 92933972\u2026\u2026\u2026<br><br><br><br><br><br><br><br><br><br><br><br><br><br><br><br><br><br><br><br><br><br><br><br><br><br><br><br><\/p>\n","protected":false},"excerpt":{"rendered":"<p>\u00b0Tendr\u00e1 una duraci\u00f3n de 3 meses, se imparte en el Sal\u00f3n del Teatro Clavijero de esta Ciudad.AUSENCIO RIVERA\/VOCESVER.COM\/NOTICIAS Veracruz,Ver.- A<\/p>\n","protected":false},"author":2,"featured_media":35410,"comment_status":"open","ping_status":"open","sticky":false,"template":"","format":"standard","meta":{"colormag_page_container_layout":"default_layout","colormag_page_sidebar_layout":"default_layout","footnotes":""},"categories":[2],"tags":[],"class_list":["post-35402","post","type-post","status-publish","format-standard","has-post-thumbnail","hentry","category-infogral"],"_links":{"self":[{"href":"http:\/\/vocesver.com\/noticias\/wp-json\/wp\/v2\/posts\/35402","targetHints":{"allow":["GET"]}}],"collection":[{"href":"http:\/\/vocesver.com\/noticias\/wp-json\/wp\/v2\/posts"}],"about":[{"href":"http:\/\/vocesver.com\/noticias\/wp-json\/wp\/v2\/types\/post"}],"author":[{"embeddable":true,"href":"http:\/\/vocesver.com\/noticias\/wp-json\/wp\/v2\/users\/2"}],"replies":[{"embeddable":true,"href":"http:\/\/vocesver.com\/noticias\/wp-json\/wp\/v2\/comments?post=35402"}],"version-history":[{"count":5,"href":"http:\/\/vocesver.com\/noticias\/wp-json\/wp\/v2\/posts\/35402\/revisions"}],"predecessor-version":[{"id":35412,"href":"http:\/\/vocesver.com\/noticias\/wp-json\/wp\/v2\/posts\/35402\/revisions\/35412"}],"wp:featuredmedia":[{"embeddable":true,"href":"http:\/\/vocesver.com\/noticias\/wp-json\/wp\/v2\/media\/35410"}],"wp:attachment":[{"href":"http:\/\/vocesver.com\/noticias\/wp-json\/wp\/v2\/media?parent=35402"}],"wp:term":[{"taxonomy":"category","embeddable":true,"href":"http:\/\/vocesver.com\/noticias\/wp-json\/wp\/v2\/categories?post=35402"},{"taxonomy":"post_tag","embeddable":true,"href":"http:\/\/vocesver.com\/noticias\/wp-json\/wp\/v2\/tags?post=35402"}],"curies":[{"name":"wp","href":"https:\/\/api.w.org\/{rel}","templated":true}]}}