{"id":35394,"date":"2022-05-31T21:19:55","date_gmt":"2022-05-31T21:19:55","guid":{"rendered":"http:\/\/vocesver.com\/noticias\/?p=35394"},"modified":"2022-05-31T21:22:01","modified_gmt":"2022-05-31T21:22:01","slug":"con-gran-exito-concluye-la-gira-de-presentacion-del-comite-ejecutivo-seccional-de-la-seccion-32","status":"publish","type":"post","link":"http:\/\/vocesver.com\/noticias\/con-gran-exito-concluye-la-gira-de-presentacion-del-comite-ejecutivo-seccional-de-la-seccion-32\/","title":{"rendered":"Con gran \u00e9xito concluye la gira de presentaci\u00f3n del Comit\u00e9 Ejecutivo Seccional de la Secci\u00f3n 32."},"content":{"rendered":"\n<p>\u2022 M\u00e1s de 45 mil trabajadores de la educaci\u00f3n participaron en las reuniones de las 13<br>Regiones sindicales.<br><br>AUSENCIO RIVERA\/VOCESVER.COM\/NOTICIAS<br><br>HUAYACOCOTL,VER.&#8212;-\u00c9ste martes 31 de mayo se llev\u00f3 a cabo la reuni\u00f3n de la Regi\u00f3n II de Huayacocotla, con la cual<br>concluye la primera gira de trabajo del Comit\u00e9 Ejecutivo Seccional de la Secci\u00f3n 32, que tuvo<br>como finalidad la presentaci\u00f3n de la nueva Directiva, a lo largo y ancho de toda la entidad<br>veracruzana.<br>Con ello se cumpli\u00f3 uno de los compromisos del Maestro Daniel Covarrubias L\u00f3pez de asistir<br>personalmente a las regiones sindicales junto con su Comit\u00e9 Ejecutivo, para conocer las<br>problem\u00e1ticas que afrontan los trabajadores de la educaci\u00f3n de la Secci\u00f3n 32 y buscar resolver los<br>rezagos que en materia de tr\u00e1mites, pagos, adeudos y en el rubro de la seguridad social existen<br>en cada regi\u00f3n.<br>En la Regi\u00f3n de Hauyacocotla en donde los docentes adem\u00e1s de las carencias referidas, se<br>enfrentan tambi\u00e9n a una zona geogr\u00e1fica agreste por ser \u00e9sta una regi\u00f3n serrana del estado de<br>dif\u00edcil acceso en muchas de sus localidades, con dispersi\u00f3n de la poblaci\u00f3n y una infraestructura<br>escolar en malas condiciones, sin mobiliario y equipo, lo que hace m\u00e1s apremiante la presencia de<br>la dirigencia sindical para escuchar los planteamientos de las necesidades de maestros, personal<br>administrativo y de apoyo.<br>Nuevamente, Covarrubias L\u00f3pez refrend\u00f3 el apoyo hacia sus bases, con el firme prop\u00f3sito de ir<br>resolviendo los asuntos m\u00e1s demandados por los trabajadores y expres\u00f3 que la unidad es un<br>elemento soporte para la organizaci\u00f3n sindical que le da fortaleza y los posesiona como una<br>Secci\u00f3n a la vanguardia en el trabajo sindical dentro del SNTE.<br>Con la conclusi\u00f3n de esta gira de trabajo y la presentaci\u00f3n de la Directiva Seccional, la Secci\u00f3n 32<br>logr\u00f3 congregar en las 13 Regiones sedes de estos eventos de manera presencial a m\u00e1s de 45 mil<br>trabajadoras que asistieron con la intenci\u00f3n de refrendar el apoyo a su Comit\u00e9 Ejecutivo Seccional<br>y a su Secretario General Daniel Covarrubias L\u00f3pez. <br><br><br><br><br><br><br><br><br><br><br><br><br><br><br><br><br><br><br><br><br><br><br><br><br><br><br><br><br><br><br><\/p>\n","protected":false},"excerpt":{"rendered":"<p>\u2022 M\u00e1s de 45 mil trabajadores de la educaci\u00f3n participaron en las reuniones de las 13Regiones sindicales. AUSENCIO RIVERA\/VOCESVER.COM\/NOTICIAS HUAYACOCOTL,VER.&#8212;-\u00c9ste<\/p>\n","protected":false},"author":2,"featured_media":35404,"comment_status":"open","ping_status":"open","sticky":false,"template":"","format":"standard","meta":{"colormag_page_container_layout":"default_layout","colormag_page_sidebar_layout":"default_layout","footnotes":""},"categories":[4],"tags":[],"class_list":["post-35394","post","type-post","status-publish","format-standard","has-post-thumbnail","hentry","category-estatal"],"_links":{"self":[{"href":"http:\/\/vocesver.com\/noticias\/wp-json\/wp\/v2\/posts\/35394","targetHints":{"allow":["GET"]}}],"collection":[{"href":"http:\/\/vocesver.com\/noticias\/wp-json\/wp\/v2\/posts"}],"about":[{"href":"http:\/\/vocesver.com\/noticias\/wp-json\/wp\/v2\/types\/post"}],"author":[{"embeddable":true,"href":"http:\/\/vocesver.com\/noticias\/wp-json\/wp\/v2\/users\/2"}],"replies":[{"embeddable":true,"href":"http:\/\/vocesver.com\/noticias\/wp-json\/wp\/v2\/comments?post=35394"}],"version-history":[{"count":2,"href":"http:\/\/vocesver.com\/noticias\/wp-json\/wp\/v2\/posts\/35394\/revisions"}],"predecessor-version":[{"id":35403,"href":"http:\/\/vocesver.com\/noticias\/wp-json\/wp\/v2\/posts\/35394\/revisions\/35403"}],"wp:featuredmedia":[{"embeddable":true,"href":"http:\/\/vocesver.com\/noticias\/wp-json\/wp\/v2\/media\/35404"}],"wp:attachment":[{"href":"http:\/\/vocesver.com\/noticias\/wp-json\/wp\/v2\/media?parent=35394"}],"wp:term":[{"taxonomy":"category","embeddable":true,"href":"http:\/\/vocesver.com\/noticias\/wp-json\/wp\/v2\/categories?post=35394"},{"taxonomy":"post_tag","embeddable":true,"href":"http:\/\/vocesver.com\/noticias\/wp-json\/wp\/v2\/tags?post=35394"}],"curies":[{"name":"wp","href":"https:\/\/api.w.org\/{rel}","templated":true}]}}