{"id":35390,"date":"2022-05-31T21:07:16","date_gmt":"2022-05-31T21:07:16","guid":{"rendered":"http:\/\/vocesver.com\/noticias\/?p=35390"},"modified":"2022-05-31T21:13:47","modified_gmt":"2022-05-31T21:13:47","slug":"colonos-cardenistas-de-manifiestan-en-bajos-del-edifico-trigueros","status":"publish","type":"post","link":"http:\/\/vocesver.com\/noticias\/colonos-cardenistas-de-manifiestan-en-bajos-del-edifico-trigueros\/","title":{"rendered":"COLONOS CARDENISTAS SE MANIFIESTAN EN BAJOS DEL EDIFICIO TRIGUEROS."},"content":{"rendered":"\n<p><br><br><br>Tienen m\u00e1s 15 d\u00edas sin tener agua en sus hogares, demandaron la intervenci\u00f3n inmediata de la Alcaldesa porte\u00f1a.<br><br>REDACCI\u00d3N\/VOCESVER.COM\/NOTICIAS<br>Veracruz,Ver.- a 31 de Mayo 2022.- Debido a que tienen m\u00e1s de 15 d\u00edas sin agua en sus casas, habitantes de la colonia Cardenista de esta Ciudad se manifestar\u00f3n en los bajos del edificio trigueros en demanda de la intervenci\u00f3n de la alcaldesa Patricia Lobeira de Yunes pues consideran una arbitrariedad que no cuenten con este servicio que es vital y un derecho humano. Los inconformes fueron recibidos por un representante del Ayuntamiento quiem se comprometi\u00f3 a nombre de la Alcadesa a resolver esta problem\u00e1tica lo m\u00e1s pronto posible.Foto Ausencio RIVERA.<br><br><br><br><br><br><br><br><br><br><br><br><br><br><br><br><br><br><br><br><br><br><br><br><br><br><br><br><br><br><br><br><br><br><br><br><br><br><br><br><br><br><br><br><\/p>\n","protected":false},"excerpt":{"rendered":"<p>Tienen m\u00e1s 15 d\u00edas sin tener agua en sus hogares, demandaron la intervenci\u00f3n inmediata de la Alcaldesa porte\u00f1a. REDACCI\u00d3N\/VOCESVER.COM\/NOTICIASVeracruz,Ver.- a<\/p>\n","protected":false},"author":2,"featured_media":35398,"comment_status":"open","ping_status":"open","sticky":false,"template":"","format":"standard","meta":{"colormag_page_container_layout":"default_layout","colormag_page_sidebar_layout":"default_layout","footnotes":""},"categories":[2],"tags":[],"class_list":["post-35390","post","type-post","status-publish","format-standard","has-post-thumbnail","hentry","category-infogral"],"_links":{"self":[{"href":"http:\/\/vocesver.com\/noticias\/wp-json\/wp\/v2\/posts\/35390","targetHints":{"allow":["GET"]}}],"collection":[{"href":"http:\/\/vocesver.com\/noticias\/wp-json\/wp\/v2\/posts"}],"about":[{"href":"http:\/\/vocesver.com\/noticias\/wp-json\/wp\/v2\/types\/post"}],"author":[{"embeddable":true,"href":"http:\/\/vocesver.com\/noticias\/wp-json\/wp\/v2\/users\/2"}],"replies":[{"embeddable":true,"href":"http:\/\/vocesver.com\/noticias\/wp-json\/wp\/v2\/comments?post=35390"}],"version-history":[{"count":4,"href":"http:\/\/vocesver.com\/noticias\/wp-json\/wp\/v2\/posts\/35390\/revisions"}],"predecessor-version":[{"id":35400,"href":"http:\/\/vocesver.com\/noticias\/wp-json\/wp\/v2\/posts\/35390\/revisions\/35400"}],"wp:featuredmedia":[{"embeddable":true,"href":"http:\/\/vocesver.com\/noticias\/wp-json\/wp\/v2\/media\/35398"}],"wp:attachment":[{"href":"http:\/\/vocesver.com\/noticias\/wp-json\/wp\/v2\/media?parent=35390"}],"wp:term":[{"taxonomy":"category","embeddable":true,"href":"http:\/\/vocesver.com\/noticias\/wp-json\/wp\/v2\/categories?post=35390"},{"taxonomy":"post_tag","embeddable":true,"href":"http:\/\/vocesver.com\/noticias\/wp-json\/wp\/v2\/tags?post=35390"}],"curies":[{"name":"wp","href":"https:\/\/api.w.org\/{rel}","templated":true}]}}