{"id":35371,"date":"2022-05-30T23:02:30","date_gmt":"2022-05-30T23:02:30","guid":{"rendered":"http:\/\/vocesver.com\/noticias\/?p=35371"},"modified":"2022-05-30T23:13:07","modified_gmt":"2022-05-30T23:13:07","slug":"ausencio-rivera-celebro-este-domingo-un-aniversario-mas-de-vida","status":"publish","type":"post","link":"http:\/\/vocesver.com\/noticias\/ausencio-rivera-celebro-este-domingo-un-aniversario-mas-de-vida\/","title":{"rendered":"AUSENCIO RIVERA CELEBRO ESTE  DOMINGO UN ANIVERSARIO M\u00c1S DE VIDA."},"content":{"rendered":"\n<p>\u00b0Adem\u00e1s de cantarles las tradicionales ma\u00f1anitas, el festejado <br>recibi\u00f3 infinidad de muestras de cari\u00f1o y abrazos. <br>\u00b0Predomin\u00f3 un ambiente cien por ciento familiar.<br>POR_ALEJANDRO MURRIETA\/VOCESVER.COM\/NOTICIAS<br>Veracruz,Ver.- a 30 de Mayo 2022.- Con un rico \u201cmolazo\u201d, un pastel,pero sobre todo con muchas muestras de cari\u00f1o,el L.C.C AusencIo Rivera Gonz\u00e1lez festej\u00f3 este domingo un aniversario m\u00e1s de vida.<br>El festej\u00f3 se llev\u00f3 a cabo en el domicilio de cumplia\u00f1ero,en esta ocasi\u00f3n cont\u00f3 con la presencia de \u201cAliyu\u201d su peque\u00f1a nietecita quien definitivamente le puso m\u00e1s sabor a la fiesta.<br>El cumplia\u00f1ero estuvo muy contento, lo acompa\u00f1aron diversos integrantes de la familia<br>Entre los asistentes estuvo su hija Amairani Rivera y su esposo Carlos Agama. Juan Carlos Rivera hijo,la se\u00f1ora Rosenda Zapata esposa del festejado.<br>Al peque\u00f1o convivio tambi\u00e9n asistieron \u201cAme\u201d, \u201cAngie\u201d y Karime otras integrantes de la familia quienes le desearon muchas felicidades al festejado.<br>Tras varias horas de reuni\u00f3n familiar y degustar el rico \u201cmolazo\u201d, se llev\u00f3 a cabo la repartici\u00f3n del pastel que fue del agrado de todos los asistentes.<br>A la fiesta tambi\u00e9n asisti\u00f3 la C.P. Juana Yadira Zapata Ju\u00e1rez quien tras felicitar al del cumplea\u00f1os se tuvo que retirar a su casa, pues ten\u00eda que atender otros compromisos personales.<br><br>\u00a1\u00a1\u00a1Muchas Felicidades\u00a1\u00a1\u00a1 Ausencio. P\u00e1sala bonito en compa\u00f1\u00eda de la familia.<br><br><br><br><br><br><br><br><br><br><br><br><br><br><br><br><br><br><br><br><br><br><br><br><br><br><br><br><br><br><br><br><br><br><br><\/p>\n","protected":false},"excerpt":{"rendered":"<p>\u00b0Adem\u00e1s de cantarles las tradicionales ma\u00f1anitas, el festejado recibi\u00f3 infinidad de muestras de cari\u00f1o y abrazos. \u00b0Predomin\u00f3 un ambiente cien<\/p>\n","protected":false},"author":2,"featured_media":35377,"comment_status":"open","ping_status":"open","sticky":false,"template":"","format":"standard","meta":{"colormag_page_container_layout":"default_layout","colormag_page_sidebar_layout":"default_layout","footnotes":""},"categories":[2],"tags":[],"class_list":["post-35371","post","type-post","status-publish","format-standard","has-post-thumbnail","hentry","category-infogral"],"_links":{"self":[{"href":"http:\/\/vocesver.com\/noticias\/wp-json\/wp\/v2\/posts\/35371","targetHints":{"allow":["GET"]}}],"collection":[{"href":"http:\/\/vocesver.com\/noticias\/wp-json\/wp\/v2\/posts"}],"about":[{"href":"http:\/\/vocesver.com\/noticias\/wp-json\/wp\/v2\/types\/post"}],"author":[{"embeddable":true,"href":"http:\/\/vocesver.com\/noticias\/wp-json\/wp\/v2\/users\/2"}],"replies":[{"embeddable":true,"href":"http:\/\/vocesver.com\/noticias\/wp-json\/wp\/v2\/comments?post=35371"}],"version-history":[{"count":3,"href":"http:\/\/vocesver.com\/noticias\/wp-json\/wp\/v2\/posts\/35371\/revisions"}],"predecessor-version":[{"id":35379,"href":"http:\/\/vocesver.com\/noticias\/wp-json\/wp\/v2\/posts\/35371\/revisions\/35379"}],"wp:featuredmedia":[{"embeddable":true,"href":"http:\/\/vocesver.com\/noticias\/wp-json\/wp\/v2\/media\/35377"}],"wp:attachment":[{"href":"http:\/\/vocesver.com\/noticias\/wp-json\/wp\/v2\/media?parent=35371"}],"wp:term":[{"taxonomy":"category","embeddable":true,"href":"http:\/\/vocesver.com\/noticias\/wp-json\/wp\/v2\/categories?post=35371"},{"taxonomy":"post_tag","embeddable":true,"href":"http:\/\/vocesver.com\/noticias\/wp-json\/wp\/v2\/tags?post=35371"}],"curies":[{"name":"wp","href":"https:\/\/api.w.org\/{rel}","templated":true}]}}