{"id":35367,"date":"2022-05-30T22:11:34","date_gmt":"2022-05-30T22:11:34","guid":{"rendered":"http:\/\/vocesver.com\/noticias\/?p=35367"},"modified":"2022-05-30T22:19:20","modified_gmt":"2022-05-30T22:19:20","slug":"taximetro-evitara-que-taxistas-alteren-las-tarifas-a-su-conveniencia-usuarios","status":"publish","type":"post","link":"http:\/\/vocesver.com\/noticias\/taximetro-evitara-que-taxistas-alteren-las-tarifas-a-su-conveniencia-usuarios\/","title":{"rendered":"TAXIMETRO EVITARA QUE TAXISTAS  ALTEREN LAS TARIFAS A SU CONVENIENCIA: USUARIOS"},"content":{"rendered":"\n<p><br><br>AUSENCIO RIVERA\/VOCESVER.COM\/NOTICIAS<br>Veracruz,Ver.- a 30 de Mayo 2022.- Debido a que los taxistas porte\u00f1os no cambian ya que sigue abusando en el cobro de las tarifas usuarios del fin de semana que se vieron afectados  pidieron a la alcaldesa de Veracruz Patricia Lobeira de Yunes que solicite a la Direcci\u00f3n Estatal del Transporte P\u00fablico y Transito se aplique en esta Ciudad el Tax\u00edmetro.<br>Los usuarios afectados se\u00f1alar\u00f3n que en una carrera hacia el centro de la Ciudad que normalmente pagan 50 pesos, algunos de estos choferes les quisieron cobrar hasta 80 pesos.<br>Sin duda que esto es una abuso coment\u00f3 uno de los afectados, quien dijo la instalaci\u00f3n del tax\u00edmetro a las unidades de pasaje vendr\u00eda a poner fin a los abusos que estos prestadores de servicios cometen.<br>La aplicaci\u00f3n del tax\u00edmetro en la Ciudad de M\u00e9xico resolvi\u00f3 en gran medida estas arbitrariedades que comet\u00edan algunos taxistas con los usurarios coment\u00f3 un turistas que vino este fin de semana a la Ciudad de Veracruz a pasear.<br>Los afectados consideran que si la alcaldesa hace suya esa propuesta, el pueblo veracruzano se lo agradecer\u00e1 porque pondr\u00e1 fin a estas anomal\u00edas.<br><br><br><br><br><br><br><br><br><br><br><br><br><br><br><br><br><br><br><br><br><br><br><br><br><br><br><br><br><br><br><\/p>\n","protected":false},"excerpt":{"rendered":"<p>AUSENCIO RIVERA\/VOCESVER.COM\/NOTICIASVeracruz,Ver.- a 30 de Mayo 2022.- Debido a que los taxistas porte\u00f1os no cambian ya que sigue abusando en<\/p>\n","protected":false},"author":2,"featured_media":35373,"comment_status":"open","ping_status":"open","sticky":false,"template":"","format":"standard","meta":{"colormag_page_container_layout":"default_layout","colormag_page_sidebar_layout":"default_layout","footnotes":""},"categories":[2],"tags":[],"class_list":["post-35367","post","type-post","status-publish","format-standard","has-post-thumbnail","hentry","category-infogral"],"_links":{"self":[{"href":"http:\/\/vocesver.com\/noticias\/wp-json\/wp\/v2\/posts\/35367","targetHints":{"allow":["GET"]}}],"collection":[{"href":"http:\/\/vocesver.com\/noticias\/wp-json\/wp\/v2\/posts"}],"about":[{"href":"http:\/\/vocesver.com\/noticias\/wp-json\/wp\/v2\/types\/post"}],"author":[{"embeddable":true,"href":"http:\/\/vocesver.com\/noticias\/wp-json\/wp\/v2\/users\/2"}],"replies":[{"embeddable":true,"href":"http:\/\/vocesver.com\/noticias\/wp-json\/wp\/v2\/comments?post=35367"}],"version-history":[{"count":2,"href":"http:\/\/vocesver.com\/noticias\/wp-json\/wp\/v2\/posts\/35367\/revisions"}],"predecessor-version":[{"id":35372,"href":"http:\/\/vocesver.com\/noticias\/wp-json\/wp\/v2\/posts\/35367\/revisions\/35372"}],"wp:featuredmedia":[{"embeddable":true,"href":"http:\/\/vocesver.com\/noticias\/wp-json\/wp\/v2\/media\/35373"}],"wp:attachment":[{"href":"http:\/\/vocesver.com\/noticias\/wp-json\/wp\/v2\/media?parent=35367"}],"wp:term":[{"taxonomy":"category","embeddable":true,"href":"http:\/\/vocesver.com\/noticias\/wp-json\/wp\/v2\/categories?post=35367"},{"taxonomy":"post_tag","embeddable":true,"href":"http:\/\/vocesver.com\/noticias\/wp-json\/wp\/v2\/tags?post=35367"}],"curies":[{"name":"wp","href":"https:\/\/api.w.org\/{rel}","templated":true}]}}