{"id":35354,"date":"2022-05-28T22:44:56","date_gmt":"2022-05-28T22:44:56","guid":{"rendered":"http:\/\/vocesver.com\/noticias\/?p=35354"},"modified":"2022-05-28T22:55:40","modified_gmt":"2022-05-28T22:55:40","slug":"ue-semar-de-marcha-atras-a-modificaciones-de-las-carreras-nauticassuarez-rodriguez","status":"publish","type":"post","link":"http:\/\/vocesver.com\/noticias\/ue-semar-de-marcha-atras-a-modificaciones-de-las-carreras-nauticassuarez-rodriguez\/","title":{"rendered":"QUE SEMAR D\u00c9 MARCHA ATR\u00c1S A MODIFICACIONES DE LAS CARRERAS N\u00c1UTICAS:SUAR\u00c9Z RODRIGUEZ"},"content":{"rendered":"\n<p><br>\u00b0Los cambios provocar\u00e1n gastos m\u00e1s elevados  a los progenitores<br> que quieren que sus hijos estudien una carrera.<br>\u00b0Marinos mercantes no viven del erario, sino de su propio trabajo.<br>AUSENCIO RIVERA\/VOCESVER.COM\/NOTICIAS<br>Veracruz,Ver.- a 28 de Mayo 2022.-Debido a que ser\u00eda una traici\u00f3n m\u00e1s para la Marina Mercante que la Secretar\u00eda de Marina Armada de M\u00e9xico no diera marcha atr\u00e1s a las modificaciones que se han aprobado a las carreras n\u00e1uticas del pa\u00eds, el Capit\u00e1n Faustino Su\u00e1rez Rodr\u00edguez presidente nacional de la Consultor\u00eda de Profesionales de la Marina Mercante y Puertos afirm\u00f3 que el titular de la Secretar\u00eda de Marina debe reconsiderar esas modificaciones antes de aplicarlas.<br>El entrevistado dijo que se debe de dar marcha atr\u00e1s \u201cporque si ya de por si, nos imponen a la Secretaria de Marina como rector de la Marina Mercante y como autoridad mar\u00edtima nos la est\u00e1 imponiendo el Gobierno de forma incorrecta,ahora que nos quieran imponer a que los j\u00f3venes o  los oficiales que trabajan d\u00eda a d\u00eda generando recursos con esos cambios se tendr\u00e1n que trasladar a otro lugar con su propios recursos para seguir estudiando\u201d.<br>Indic\u00f3 que de por si son pocos d\u00edas los que est\u00e1n en casa y con esos cambios ahora se tendr\u00e1n que trasladar a otro estado de la Rep\u00fablica a una distancia pr\u00e1cticamente muy larga dejando de convivir con sus familias.<br>Al se\u00f1alar que ese es otro aspecto que no han tomado en cuenta, el entrevistado a\u00f1adi\u00f3 que el principal problema que no ha entendido la Secretar\u00eda de Marina es que \u201cnosotros no vivimos de los recursos o del erario\u201d.<br> Nosotros vivimos de nuestro trabajo y de las empresas privadas que no, nos pagan esos cursos o esas capacitaciones y, que las familias que mandan a sus j\u00f3venes a estudiar por primera vez una carrera tendr\u00e1n que erogar gastos m\u00e1s alto para poder dejarles esa posibilidad de estudio.<br>En contra parte los marinos de la Armada de M\u00e9xico que ingresan a la Universidad Mar\u00edtima o del mar como ahora le llaman en Ant\u00f3n Lizardo no pagan ni un solo peso.<br> Adem\u00e1s les dan uniformes, libros, alimentaci\u00f3n, no pagan nada. <br>Salen de la carrera y ya tienen trabajo.<br>Mientras que el marino mercante no, paga sus colegiaturas,paga sus libros, paga sus uniformes y sus traslados.  Adem\u00e1s paga los gastos de sus familias cuando los visitan.<br> Obviamente cuando salen de su carrera tienen que titularse, acualizarse, tiene que hacer sus certificaciones y tiene que titularse y, eso no es barato.<br> Requieren de por lo menos de 100 mil pesos para titularse. Aparte de ello tiene que buscar su trabajo para poder tener los recursos necesarios.<br>Record\u00f3 que en los a\u00f1os 80s  ten\u00edamos una Marina Mercante boyante y pagaba todos esos servicos y eso no lo est\u00e1 tomando en cuenta la Armada de M\u00e9xico.<br>Reconoci\u00f3 que estos cambios ocasionar\u00eda un golpe duro a la econom\u00eda de los estudiantes y de los profesionistas que ya est\u00e1n ejerciendo la carrera. <br>Precis\u00f3 que con estos cambios los alumnos que estudien la carrera de Maquinista Naval se ir\u00edan hasta Mazatl\u00e1n, mientras que los Pilotos Navales se quedar\u00edan en el Puerto de Veracruz y la escuela de Tampico donde hay gente cursando la carrera de piloto y de maquinistas tendr\u00eda que venirse a Veracruz o Mazatl\u00e1n. <br>La escuela de Tampico dejar\u00eda de ser una formadora de j\u00f3venes y pasar\u00eda  a ser un centro o una escuela de actualizaci\u00f3n y certificaci\u00f3n para los marinos mercantes. <br>Dijo que ellos esperan que el titular de la Secretaria de Marina atienda estas inconformidades y escuchen los  argumentos legales que\u201d creemos nosotros son justos de tomarse en cuenta\u201d.<br> Sobre todo que no se tomen decisiones como est\u00e1n acostumbrados a hacerlo de manera autoritaria y se tome en cuenta a la gente que no est\u00e1 de acuerdo con esos cambios subray\u00f3.<br><br><br><br><br><br><br><br><br><br><br><br><br><br><br><br><br><br><br><br><br><br><br><br><br><br><br><br><br><br><br><br><br><br><br><br><br><br><br><br><\/p>\n","protected":false},"excerpt":{"rendered":"<p>\u00b0Los cambios provocar\u00e1n gastos m\u00e1s elevados a los progenitores que quieren que sus hijos estudien una carrera.\u00b0Marinos mercantes no viven<\/p>\n","protected":false},"author":2,"featured_media":35363,"comment_status":"open","ping_status":"open","sticky":false,"template":"","format":"standard","meta":{"colormag_page_container_layout":"default_layout","colormag_page_sidebar_layout":"default_layout","footnotes":""},"categories":[2],"tags":[],"class_list":["post-35354","post","type-post","status-publish","format-standard","has-post-thumbnail","hentry","category-infogral"],"_links":{"self":[{"href":"http:\/\/vocesver.com\/noticias\/wp-json\/wp\/v2\/posts\/35354","targetHints":{"allow":["GET"]}}],"collection":[{"href":"http:\/\/vocesver.com\/noticias\/wp-json\/wp\/v2\/posts"}],"about":[{"href":"http:\/\/vocesver.com\/noticias\/wp-json\/wp\/v2\/types\/post"}],"author":[{"embeddable":true,"href":"http:\/\/vocesver.com\/noticias\/wp-json\/wp\/v2\/users\/2"}],"replies":[{"embeddable":true,"href":"http:\/\/vocesver.com\/noticias\/wp-json\/wp\/v2\/comments?post=35354"}],"version-history":[{"count":4,"href":"http:\/\/vocesver.com\/noticias\/wp-json\/wp\/v2\/posts\/35354\/revisions"}],"predecessor-version":[{"id":35365,"href":"http:\/\/vocesver.com\/noticias\/wp-json\/wp\/v2\/posts\/35354\/revisions\/35365"}],"wp:featuredmedia":[{"embeddable":true,"href":"http:\/\/vocesver.com\/noticias\/wp-json\/wp\/v2\/media\/35363"}],"wp:attachment":[{"href":"http:\/\/vocesver.com\/noticias\/wp-json\/wp\/v2\/media?parent=35354"}],"wp:term":[{"taxonomy":"category","embeddable":true,"href":"http:\/\/vocesver.com\/noticias\/wp-json\/wp\/v2\/categories?post=35354"},{"taxonomy":"post_tag","embeddable":true,"href":"http:\/\/vocesver.com\/noticias\/wp-json\/wp\/v2\/tags?post=35354"}],"curies":[{"name":"wp","href":"https:\/\/api.w.org\/{rel}","templated":true}]}}