{"id":35350,"date":"2022-05-28T21:19:59","date_gmt":"2022-05-28T21:19:59","guid":{"rendered":"http:\/\/vocesver.com\/noticias\/?p=35350"},"modified":"2022-05-28T21:38:15","modified_gmt":"2022-05-28T21:38:15","slug":"lluvia-inunda-calles-del-mercado-unidad-veracruzanacomerciantes","status":"publish","type":"post","link":"http:\/\/vocesver.com\/noticias\/lluvia-inunda-calles-del-mercado-unidad-veracruzanacomerciantes\/","title":{"rendered":"LLUVIA INUNDA CALLES DEL MERCADO  UNIDAD VERACRUZANA:COMERCIANTES"},"content":{"rendered":"\n<p><br><br><br>\u00b0Juan Soto una de las m\u00e1s afectadas.<br>\u00b0Adem\u00e1s los  baches pululan por doquier,<br> necesario que la autoridad municipal ponga m\u00e1s atenci\u00f3n.<br>AUSENCIO RIVERA\/VOCESVER.COM\/NOTICIAS<br><br>Veracruz,Ver.- a 28 de Mayo 2022.- La lluvia que cay\u00f3 la ma\u00f1ana de este s\u00e1bado en el puerto de Veracruz dej\u00f3 diversos encharcamientos en calles  que llevan al Mercado Unidad Veracruzana de esta Ciudad.<br>Comerciantes de esta zona se\u00f1alar\u00f3n que esta \u201clluviecita \u201c dejo pr\u00e1cticamente inundada la calle Juan Sonto, frente a este mercado, afectando con ello a decenas de amas de casa que el d\u00eda de ayer acudier\u00f3n a surtir sus despensas familiares.<br>Indicar\u00f3n que siempre es lo mismo, los drenajes est\u00e1n tapados y eso provoca que el agua se almacene por mucho tiempo.<br>Incluso el agua de lluvia se mezcla con las aguas negras que diariamente afloran por este inmueble debido a lo obsoleto del drenaje.<br>Autoridades municipales van y vienen y, los mercados de la Ciudad siguen abandonados.<br>Adem\u00e1s de los encharcamientos varias calles que recorren el inmueble presentan diverso baches que con la lluvia que cae se llenan de agua provocando serios trastornos para la clientela y los propios comerciantes.<br>Ser\u00eda bueno que las actuales autoridades del municipio apoyen m\u00e1s los mercados de la Ciudad antes de que arrecie la temporada de lluvia se\u00f1alar\u00f3n algunos comerciantes del exterior de este mercado.<br><br><br><br><br><br><br><br><br><br><br><br><br><br><br><br><br><br><br><br><br><br><br><br><br><br><br><br><br><br><br><br><br><br><br><br><br><\/p>\n","protected":false},"excerpt":{"rendered":"<p>\u00b0Juan Soto una de las m\u00e1s afectadas.\u00b0Adem\u00e1s los baches pululan por doquier, necesario que la autoridad municipal ponga m\u00e1s atenci\u00f3n.AUSENCIO<\/p>\n","protected":false},"author":2,"featured_media":35356,"comment_status":"open","ping_status":"open","sticky":false,"template":"","format":"standard","meta":{"colormag_page_container_layout":"default_layout","colormag_page_sidebar_layout":"default_layout","footnotes":""},"categories":[2],"tags":[],"class_list":["post-35350","post","type-post","status-publish","format-standard","has-post-thumbnail","hentry","category-infogral"],"_links":{"self":[{"href":"http:\/\/vocesver.com\/noticias\/wp-json\/wp\/v2\/posts\/35350","targetHints":{"allow":["GET"]}}],"collection":[{"href":"http:\/\/vocesver.com\/noticias\/wp-json\/wp\/v2\/posts"}],"about":[{"href":"http:\/\/vocesver.com\/noticias\/wp-json\/wp\/v2\/types\/post"}],"author":[{"embeddable":true,"href":"http:\/\/vocesver.com\/noticias\/wp-json\/wp\/v2\/users\/2"}],"replies":[{"embeddable":true,"href":"http:\/\/vocesver.com\/noticias\/wp-json\/wp\/v2\/comments?post=35350"}],"version-history":[{"count":3,"href":"http:\/\/vocesver.com\/noticias\/wp-json\/wp\/v2\/posts\/35350\/revisions"}],"predecessor-version":[{"id":35358,"href":"http:\/\/vocesver.com\/noticias\/wp-json\/wp\/v2\/posts\/35350\/revisions\/35358"}],"wp:featuredmedia":[{"embeddable":true,"href":"http:\/\/vocesver.com\/noticias\/wp-json\/wp\/v2\/media\/35356"}],"wp:attachment":[{"href":"http:\/\/vocesver.com\/noticias\/wp-json\/wp\/v2\/media?parent=35350"}],"wp:term":[{"taxonomy":"category","embeddable":true,"href":"http:\/\/vocesver.com\/noticias\/wp-json\/wp\/v2\/categories?post=35350"},{"taxonomy":"post_tag","embeddable":true,"href":"http:\/\/vocesver.com\/noticias\/wp-json\/wp\/v2\/tags?post=35350"}],"curies":[{"name":"wp","href":"https:\/\/api.w.org\/{rel}","templated":true}]}}