{"id":35346,"date":"2022-05-28T15:06:12","date_gmt":"2022-05-28T15:06:12","guid":{"rendered":"http:\/\/vocesver.com\/noticias\/?p=35346"},"modified":"2022-05-28T15:07:32","modified_gmt":"2022-05-28T15:07:32","slug":"colegio-del-foro-de-abogados-entrega-merecido-reconocimiento-al-dr-gilberto-farias-morales","status":"publish","type":"post","link":"http:\/\/vocesver.com\/noticias\/colegio-del-foro-de-abogados-entrega-merecido-reconocimiento-al-dr-gilberto-farias-morales\/","title":{"rendered":"COLEGIO DEL FORO DE  ABOGADOS ENTREGA MERECIDO  RECONOCIMIENTO AL DR.GILBERTO FAR\u00cdAS MORALES."},"content":{"rendered":"\n<p>\u00b0Por su destacada trayectoria como profesional del derecho <br>e importantes logros como presidente de CNAP.<br>\u00b0Junto con \u00e9l fueron galardonados otros juristas veracruzanos.<br>AUSENCIO RIVERA\/VOCESVER.COM\/NOTICIAS<br>Veracruz,Ver- A 28 de Mayo 2022.- La tarde-noche de este viernes el  Doctor Gilberto  Far\u00edas Morales presidente del Colegio Nacional de Abogados Penalistas A.C recibi\u00f3 merecido reconocimiento del Colegio del Foro de Abogados del Estado de Veracruz A.C por su destacada trayectoria como profesional del derecho e importantes logros al frente CNAP.<br>La ceremonia se llev\u00f3 a cabo en el Recinto de la Reforma de esta Ciudad en el marco de la toma de protesta del Comit\u00e9 Directivo Municipal del Colegio del Foro de Abogados del Estado de Veracruz.<br>La entrega de este merecido reconocimiento al licenciado Far\u00edas Morales corri\u00f3 a cargo del Doctor Vito Lozano V\u00e1zquez presidente estatal de esta organizaci\u00f3n.<br>En el acto tambi\u00e9n recibieron reconocimientos distinguidos juristas como:El Dr.Carlos Garc\u00eda M\u00e9ndez, Dr. Vito Lozano V\u00e1zquez, Dr. Ariel C\u00e9sar Robins\u00f3n Manzanilla,Dr. Ricardo Guerrero Osio,licenciado Virgilio Cruz Parra y el Mtro. Fernando P\u00e9rez Carmona.<br>El mensaje de clausura de dicho evento corri\u00f3 a cargo del Dr. Carlos Garc\u00eda M\u00e9ndez.<br><br><br><br><br><br><br><br><br><br><br><br><br><br><br><br><br><br><br><br><br><br><br><br><br><br><br><br><br><br><br><br><br><br><br><\/p>\n","protected":false},"excerpt":{"rendered":"<p>\u00b0Por su destacada trayectoria como profesional del derecho e importantes logros como presidente de CNAP.\u00b0Junto con \u00e9l fueron galardonados otros<\/p>\n","protected":false},"author":2,"featured_media":35352,"comment_status":"open","ping_status":"open","sticky":false,"template":"","format":"standard","meta":{"colormag_page_container_layout":"default_layout","colormag_page_sidebar_layout":"default_layout","footnotes":""},"categories":[2],"tags":[],"class_list":["post-35346","post","type-post","status-publish","format-standard","has-post-thumbnail","hentry","category-infogral"],"_links":{"self":[{"href":"http:\/\/vocesver.com\/noticias\/wp-json\/wp\/v2\/posts\/35346","targetHints":{"allow":["GET"]}}],"collection":[{"href":"http:\/\/vocesver.com\/noticias\/wp-json\/wp\/v2\/posts"}],"about":[{"href":"http:\/\/vocesver.com\/noticias\/wp-json\/wp\/v2\/types\/post"}],"author":[{"embeddable":true,"href":"http:\/\/vocesver.com\/noticias\/wp-json\/wp\/v2\/users\/2"}],"replies":[{"embeddable":true,"href":"http:\/\/vocesver.com\/noticias\/wp-json\/wp\/v2\/comments?post=35346"}],"version-history":[{"count":2,"href":"http:\/\/vocesver.com\/noticias\/wp-json\/wp\/v2\/posts\/35346\/revisions"}],"predecessor-version":[{"id":35351,"href":"http:\/\/vocesver.com\/noticias\/wp-json\/wp\/v2\/posts\/35346\/revisions\/35351"}],"wp:featuredmedia":[{"embeddable":true,"href":"http:\/\/vocesver.com\/noticias\/wp-json\/wp\/v2\/media\/35352"}],"wp:attachment":[{"href":"http:\/\/vocesver.com\/noticias\/wp-json\/wp\/v2\/media?parent=35346"}],"wp:term":[{"taxonomy":"category","embeddable":true,"href":"http:\/\/vocesver.com\/noticias\/wp-json\/wp\/v2\/categories?post=35346"},{"taxonomy":"post_tag","embeddable":true,"href":"http:\/\/vocesver.com\/noticias\/wp-json\/wp\/v2\/tags?post=35346"}],"curies":[{"name":"wp","href":"https:\/\/api.w.org\/{rel}","templated":true}]}}