{"id":35342,"date":"2022-05-27T23:21:50","date_gmt":"2022-05-27T23:21:50","guid":{"rendered":"http:\/\/vocesver.com\/noticias\/?p=35342"},"modified":"2022-05-27T23:21:51","modified_gmt":"2022-05-27T23:21:51","slug":"no-hables-porque-nos-va-a-escuchar-nino-relata-como-fue-el-tiroteo-en-escuela-de-texas","status":"publish","type":"post","link":"http:\/\/vocesver.com\/noticias\/no-hables-porque-nos-va-a-escuchar-nino-relata-como-fue-el-tiroteo-en-escuela-de-texas\/","title":{"rendered":"\u201cNo hables porque nos va a escuchar\u201d: ni\u00f1o relata c\u00f3mo fue el tiroteo en escuela de Texas"},"content":{"rendered":"\n<p><br>Durante el tiroteo, el ni\u00f1o se escondi\u00f3 debajo de una mesa. Foto: AFP<br><br><br><br>REDACCI\u00d3N\/VOCESVER.COM\/NOTICIAS<br><br>INTERNACIONAL.- A 27 DE MAYO 2022.- DE ACUERDO CON INFORMACI\u00d3N  DE REDACCI\u00d3N Y AGENCIAS\/ESTADOS UNIDOS \/AGENCIAS Y AFP&#8230;.Luego del tiroteo en Texas, Estados Unidos, que cobr\u00f3 la vida de 19 ni\u00f1os, dos adultos y la del tirador; un estudiante de cuarto grado relat\u00f3 c\u00f3mo vivi\u00f3 el brutal ataque perpetrado por un joven de 18 a\u00f1os.  <br><br><br>\u201cCuando escuch\u00e9 los disparos a trav\u00e9s de la puerta, le dije a mi amigo que se escondiera debajo de algo para que no nos encontrara. Me estaba escondiendo mucho. Y le estaba diciendo a mi amigo \u2018no hables porque nos va a escuchar&#8217;\u201d, relat\u00f3 el estudiante de cuarto grado al medio estadounidense Kens5.<br><br>Durante el tiroteo en la escuela Robb Elementary, el ni\u00f1o y otros cuatro estudiantes se escondieron debajo de una mesa que ten\u00eda un mantel largo.<br> \u201cCuando lleg\u00f3 la polic\u00eda, el polic\u00eda dijo: \u2018\u00a1Grita si necesitas ayuda!\u2019 Y una de las personas de mi clase dijo \u2018ayuda\u2019. El tipo escuch\u00f3 y entr\u00f3 y le dispar\u00f3. El polic\u00eda irrumpi\u00f3 en ese sal\u00f3n de clases. El tipo le dispar\u00f3 al polic\u00eda. Y los polic\u00edas comenzaron a disparar\u201d.<br><br>Cuando los disparos terminaron, el ni\u00f1o de cuarto grado sali\u00f3 de su escondite y fue auxiliado por elementos policiales.  <br><br>\u201cAcabo de abrir la cortina. Y simplemente extend\u00ed la mano. Sal\u00ed con mi amigo. Sab\u00eda que era la polic\u00eda. Vi la armadura y el escudo\u201d.<br><br>Sobre sus maestras, el ni\u00f1o explic\u00f3 que les salvaron la vida porque \u201cpasaron frente a mis compa\u00f1eros de clase para ayudar. Para salvarlos\u201d.<br>Te puede interesar:\u201cEl ni\u00f1o m\u00e1s dulce\u201d: ellos son las v\u00edctimas del tiroteo en escuela de Texas<br><br><br>Homenaje en Texas, Estados Unidos<br>Dora Mendoza acudi\u00f3 el jueves a la escuela primaria de la ciudad texana de Uvalde para rendir homenaje a su nieta de 10 a\u00f1os, Amerie Garza, asesinada ah\u00ed el martes, y para instar al Gobierno de Estados Unidos a actuar para evitar otra tragedia.<br><br><br>Las autoridades \u201cdeben hacer algo sobre esto. Por favor, no olviden a los ni\u00f1os. No sabemos lo que vivieron. Por favor, les ruego que escuchen\u201d, dijo entre sollozos.<br><br><br>A sus espaldas, la escuela primaria Robb, donde hace dos d\u00edas un adolescente mat\u00f3 a tiros a 19 ni\u00f1os y dos profesores, se convirti\u00f3 en un lugar de recogimiento con cruces por las v\u00edctimas y numerosos ramos de flores.<br><br>\u201cMi nieta estaba ah\u00ed dentro. Era una ni\u00f1a inocente a la que le gustaba la escuela y que estaba esperando el verano. Y ya no podr\u00e1 vivir eso. Me duele el alma porque ya no podr\u00e9 verla nunca m\u00e1s\u201d, mencion\u00f3 Mendoza.<br><br>Amerie viv\u00eda con sus abuelos. El martes por la ma\u00f1ana, Mendoza estuvo en la escuela para asistir a una ceremonia en la que varios alumnos, incluida su nieta, recibieron un premio por sus buenas notas. Cuando termin\u00f3 la celebraci\u00f3n, la ni\u00f1a quiso irse a casa. El a\u00f1o escolar estaba a punto de terminar, y el colegio ya \u00fanicamente hac\u00eda eventos extracurriculares.<br><br>\u201cNosotros le dijimos: \u2018no, mi hija, hasta el viernes tienes que seguir\u2019\u201c, lament\u00f3 Mendoza.<br><br>Poco despu\u00e9s, cerca del mediod\u00eda, un chico de 18 a\u00f1os, Salvador Ramos, irrumpi\u00f3 en la escuela con un fusil de asalto, se encerr\u00f3 en un aula y abri\u00f3 fuego antes de ser abatido por la polic\u00eda. La matanza, la peor en un colegio de Estados Unidos desde hace una d\u00e9cada, sacudi\u00f3 Uvalde, una localidad tranquila de unos 15 mil habitantes de mayor\u00eda hispana.<br><br>Armas peligro para j\u00f3venes<br>Las armas de fuego superaron a los accidentes de autom\u00f3vil como principal causa de muerte entre los menores estadounidenses, con datos oficiales que muestran un fuerte incremento de asesinatos con armas, como la masacre en una escuela de Texas, Estados Unidos.<br><br>En t\u00e9rminos generales, 4 mil 368 ni\u00f1os y adolescentes de hasta 19 a\u00f1os murieron por causa de disparos en 2020; una tasa de 5.4 por cada 100 mil habitantes, seg\u00fan datos del de los Centros de Control y Prevenci\u00f3n de Enfermedades (CDC).<br><br><br><br><br>INF. DE REDACCI\u00d3N Y AGENCIAS\/E.U.\/AGENCIAS Y AFP&#8230;<br><br><br><br><br><br><br><br><br><br><br><br><br><br><br><br><br><br><br><br><br><br><br><br><br><br><br><br><br><\/p>\n","protected":false},"excerpt":{"rendered":"<p>Durante el tiroteo, el ni\u00f1o se escondi\u00f3 debajo de una mesa. Foto: AFP REDACCI\u00d3N\/VOCESVER.COM\/NOTICIAS INTERNACIONAL.- A 27 DE MAYO 2022.-<\/p>\n","protected":false},"author":2,"featured_media":35347,"comment_status":"open","ping_status":"open","sticky":false,"template":"","format":"standard","meta":{"colormag_page_container_layout":"default_layout","colormag_page_sidebar_layout":"default_layout","footnotes":""},"categories":[6],"tags":[],"class_list":["post-35342","post","type-post","status-publish","format-standard","has-post-thumbnail","hentry","category-internacional"],"_links":{"self":[{"href":"http:\/\/vocesver.com\/noticias\/wp-json\/wp\/v2\/posts\/35342","targetHints":{"allow":["GET"]}}],"collection":[{"href":"http:\/\/vocesver.com\/noticias\/wp-json\/wp\/v2\/posts"}],"about":[{"href":"http:\/\/vocesver.com\/noticias\/wp-json\/wp\/v2\/types\/post"}],"author":[{"embeddable":true,"href":"http:\/\/vocesver.com\/noticias\/wp-json\/wp\/v2\/users\/2"}],"replies":[{"embeddable":true,"href":"http:\/\/vocesver.com\/noticias\/wp-json\/wp\/v2\/comments?post=35342"}],"version-history":[{"count":2,"href":"http:\/\/vocesver.com\/noticias\/wp-json\/wp\/v2\/posts\/35342\/revisions"}],"predecessor-version":[{"id":35348,"href":"http:\/\/vocesver.com\/noticias\/wp-json\/wp\/v2\/posts\/35342\/revisions\/35348"}],"wp:featuredmedia":[{"embeddable":true,"href":"http:\/\/vocesver.com\/noticias\/wp-json\/wp\/v2\/media\/35347"}],"wp:attachment":[{"href":"http:\/\/vocesver.com\/noticias\/wp-json\/wp\/v2\/media?parent=35342"}],"wp:term":[{"taxonomy":"category","embeddable":true,"href":"http:\/\/vocesver.com\/noticias\/wp-json\/wp\/v2\/categories?post=35342"},{"taxonomy":"post_tag","embeddable":true,"href":"http:\/\/vocesver.com\/noticias\/wp-json\/wp\/v2\/tags?post=35342"}],"curies":[{"name":"wp","href":"https:\/\/api.w.org\/{rel}","templated":true}]}}