{"id":35317,"date":"2022-05-26T22:09:17","date_gmt":"2022-05-26T22:09:17","guid":{"rendered":"http:\/\/vocesver.com\/noticias\/?p=35317"},"modified":"2022-05-26T23:36:27","modified_gmt":"2022-05-26T23:36:27","slug":"colegios-de-marinos-y-organizaciones-en-desacuerdo-con-los-cambios-de-las-carreras-nauticassuarez-rodriguez","status":"publish","type":"post","link":"http:\/\/vocesver.com\/noticias\/colegios-de-marinos-y-organizaciones-en-desacuerdo-con-los-cambios-de-las-carreras-nauticassuarez-rodriguez\/","title":{"rendered":"COLEGIOS DE MARINOS Y ORGANIZACIONES EN  DESACUERDO CON LOS CAMBIOS DE LAS CARRERAS  N\u00c1UTICAS:SU\u00c1REZ RODR\u00cdGUEZ"},"content":{"rendered":"\n<p><br>\u00b0Env\u00edan comunicado urgente demandando una reuni\u00f3n presencial <br>con el titular de la Secrear\u00eda de Marina Armada de M\u00e9xico.<br>\u00b0Esos cambios gener\u00e1n mayores gastos a los estudiantes de por s\u00ed ya elevados.<br><\/p>\n\n\n\n<p>AUSENCIO RIVERA\/VOCESVER.COM\/NOTICIAS<\/p>\n\n\n\n<p>Veracruz,Ver.- a  26 de Mayo 2022.-Debido a que no est\u00e1n de acuerdo con los cambios que se anunciaron sobre las carreras n\u00e1uticas del pa\u00eds,diversos Colegios de Marinos y Organizaciones de Marinos Mercantes Mexicanos est\u00e1n solicitando una reuni\u00f3n presencial urgente con el  Almirante Jos\u00e9 Rafael Ojeda Dur\u00e1n Secretario de Marina.<br>Al respecto el Capit\u00e1n Faustino Su\u00e1rez Rodr\u00edguez Presidente nacional de la Consultor\u00eda de Profesionistas de la Marina Mercante y Puertos A.C. explic\u00f3 que este documente se le hizo llegar al Secretario de Marina el d\u00eda 25 de Mayo del presente a\u00f1o.<br>El documento se\u00f1ala:La injustificada intensi\u00f3n de FIDENA de separar la formaci\u00f3n de los marinos mercantes de cubierta y m\u00e1quinas,impartiendo la rama de Piloto Naval \u00fanicamente en la Escuela N\u00e1utica de Veracruz\u201dFernando Siliceo y Torres\u201d y la de Maquinista Naval en la Escuela N\u00e1utica de Mazatl\u00e1n\u201dAntonio G\u00f3mez Maqueo\u201d solo para impartir cursos de postgrado. <br>Dicha intensi\u00f3n es contraria al esp\u00edritu fundacional de las Tres Escuelas N\u00e1uticas y da\u00f1ar\u00eda de forma irreversible el desempe\u00f1o profesional conjunto de los egresados, a bordo de los buques.<br>Este documento fue firmado por lo menos  por 13 organismos de marinos y colegios que est\u00e1n en contra de dichos cambios y que  esperan que el Secretario de Marina reconsidere para no afectar a los nuevos y a los actuales estudiantes de estas carreras.<br>Este documento fue recibido por la Oficial\u00eda de Partes de la Secretar\u00eda de Marina, por lo que esperan que pronto les den una respuesta.<br><br><br><br><br><br><br><br><br><br><br><br><br><br><br><br><br><br><br><br><br><br><br><br><br><br><br><br><br><br><br><\/p>\n","protected":false},"excerpt":{"rendered":"<p>\u00b0Env\u00edan comunicado urgente demandando una reuni\u00f3n presencial con el titular de la Secrear\u00eda de Marina Armada de M\u00e9xico.\u00b0Esos cambios gener\u00e1n<\/p>\n","protected":false},"author":2,"featured_media":35329,"comment_status":"open","ping_status":"open","sticky":false,"template":"","format":"standard","meta":{"colormag_page_container_layout":"default_layout","colormag_page_sidebar_layout":"default_layout","footnotes":""},"categories":[2],"tags":[],"class_list":["post-35317","post","type-post","status-publish","format-standard","has-post-thumbnail","hentry","category-infogral"],"_links":{"self":[{"href":"http:\/\/vocesver.com\/noticias\/wp-json\/wp\/v2\/posts\/35317","targetHints":{"allow":["GET"]}}],"collection":[{"href":"http:\/\/vocesver.com\/noticias\/wp-json\/wp\/v2\/posts"}],"about":[{"href":"http:\/\/vocesver.com\/noticias\/wp-json\/wp\/v2\/types\/post"}],"author":[{"embeddable":true,"href":"http:\/\/vocesver.com\/noticias\/wp-json\/wp\/v2\/users\/2"}],"replies":[{"embeddable":true,"href":"http:\/\/vocesver.com\/noticias\/wp-json\/wp\/v2\/comments?post=35317"}],"version-history":[{"count":2,"href":"http:\/\/vocesver.com\/noticias\/wp-json\/wp\/v2\/posts\/35317\/revisions"}],"predecessor-version":[{"id":35324,"href":"http:\/\/vocesver.com\/noticias\/wp-json\/wp\/v2\/posts\/35317\/revisions\/35324"}],"wp:featuredmedia":[{"embeddable":true,"href":"http:\/\/vocesver.com\/noticias\/wp-json\/wp\/v2\/media\/35329"}],"wp:attachment":[{"href":"http:\/\/vocesver.com\/noticias\/wp-json\/wp\/v2\/media?parent=35317"}],"wp:term":[{"taxonomy":"category","embeddable":true,"href":"http:\/\/vocesver.com\/noticias\/wp-json\/wp\/v2\/categories?post=35317"},{"taxonomy":"post_tag","embeddable":true,"href":"http:\/\/vocesver.com\/noticias\/wp-json\/wp\/v2\/tags?post=35317"}],"curies":[{"name":"wp","href":"https:\/\/api.w.org\/{rel}","templated":true}]}}