{"id":35313,"date":"2022-05-26T20:56:38","date_gmt":"2022-05-26T20:56:38","guid":{"rendered":"http:\/\/vocesver.com\/noticias\/?p=35313"},"modified":"2022-05-26T23:46:01","modified_gmt":"2022-05-26T23:46:01","slug":"visita-a-casa-del-marino-de-xicontencalt-y-serdan-estan-paradas-por-contingencia-del-covid-19-antonio-novello","status":"publish","type":"post","link":"http:\/\/vocesver.com\/noticias\/visita-a-casa-del-marino-de-xicontencalt-y-serdan-estan-paradas-por-contingencia-del-covid-19-antonio-novello\/","title":{"rendered":"VISITA A CASA DEL MARINO DE XICOTENCALT Y SERDAN  EST\u00c1N PARADAS POR CONTINGENCIA DEL COVID-19: ANTONIO  NOVELLO."},"content":{"rendered":"\n<p><br>\u00b0Se espera que pronto los muelles de Veracruz sean liberados por autoridades federales.<br>\u00b0Pese a ello se encuentra en \u00f3ptimas condiciones y lista para recibir a los marinos que as\u00ed lo deseen.<br>\u00b0No as\u00ed la Casa del Marino de D\u00edaz Mir\u00f3n la cual ser\u00e1 demolida por el mal estado en que se encuentra. <br>AUSENCIO RIVERA\/VOCESVER.COM\/NOTICIAS<br>Veracruz,Ver.- a 26 de Mayo 2022.- Debido a que no se ha liberado la contingencia del covid-19 en los muelles de Veracruz la visita a la Casa del Marino de Serd\u00e1n y Xicotencalt est\u00e1n paradas desde hace dos a\u00f1os..<br>Lo anterior lo se\u00f1al\u00f3 el Capit\u00e1n Emiliano Antonio Novelo Alpuche Director del Centro Veracruzano  de Bienestar para la Gente de Mar y responsable de dicha casa quien explic\u00f3 estamos en espera del banderazo de liberaci\u00f3n de la pandemia para iniciar de nueva cuenta con la visita de marinos extranjeros a este lugar. <br>Reconoci\u00f3 asimismo que eso est\u00e1 repercutiendo en la econom\u00eda de \u00e9sta ya que la visita est\u00e1 parada  desde hace dos a\u00f1os que inici\u00f3 la pandemia del coronavirus.<br>El entrevistado manifest\u00f3 su confianza en que la contingencia en los muelles pronto se libere, para que de nueva cuenta la Casa del Marino vuelva a recobrar su movimiento. <br>Por otro lado confirm\u00f3 que debido al mal estado que tiene la Casa del Marino de D\u00edaz Mir\u00f3n ser\u00e1 derrumbada. La casa est\u00e1 en manos de la Secretar\u00eda de Marina y debido a que la instalaci\u00f3n ya es muy vieja \u00e9stos ya decidieron  derrumbarla.<br>Por otro lado el entrevistado confirm\u00f3 que este 25 de Junio si habr\u00e1 festejo del D\u00eda de Gente de Mar en el puerto jarocho. <br>En estos momentos los organizadores afinan los detalles de dicha  celebraci\u00f3n y no se descarta que haya una misa y se depositen algunas ofrendas florales en honor a los marinos ca\u00eddos en el cumplimiento de su deber.<br>Record\u00f3 que la celebraci\u00f3n de la Gente de Mar se lleva a cabo el D\u00eda 25 de Junio, se est\u00e1 a casi un mes de cumplirse con esta fecha.<br><br><br><br><br><br><br><br><br><br><br><br><br><br><br><br><br><br><br><br><br><br><br><br><br><br><br><br><br><br><br><\/p>\n","protected":false},"excerpt":{"rendered":"<p>\u00b0Se espera que pronto los muelles de Veracruz sean liberados por autoridades federales.\u00b0Pese a ello se encuentra en \u00f3ptimas condiciones<\/p>\n","protected":false},"author":2,"featured_media":35321,"comment_status":"open","ping_status":"open","sticky":false,"template":"","format":"standard","meta":{"colormag_page_container_layout":"default_layout","colormag_page_sidebar_layout":"default_layout","footnotes":""},"categories":[2],"tags":[],"class_list":["post-35313","post","type-post","status-publish","format-standard","has-post-thumbnail","hentry","category-infogral"],"_links":{"self":[{"href":"http:\/\/vocesver.com\/noticias\/wp-json\/wp\/v2\/posts\/35313","targetHints":{"allow":["GET"]}}],"collection":[{"href":"http:\/\/vocesver.com\/noticias\/wp-json\/wp\/v2\/posts"}],"about":[{"href":"http:\/\/vocesver.com\/noticias\/wp-json\/wp\/v2\/types\/post"}],"author":[{"embeddable":true,"href":"http:\/\/vocesver.com\/noticias\/wp-json\/wp\/v2\/users\/2"}],"replies":[{"embeddable":true,"href":"http:\/\/vocesver.com\/noticias\/wp-json\/wp\/v2\/comments?post=35313"}],"version-history":[{"count":4,"href":"http:\/\/vocesver.com\/noticias\/wp-json\/wp\/v2\/posts\/35313\/revisions"}],"predecessor-version":[{"id":35330,"href":"http:\/\/vocesver.com\/noticias\/wp-json\/wp\/v2\/posts\/35313\/revisions\/35330"}],"wp:featuredmedia":[{"embeddable":true,"href":"http:\/\/vocesver.com\/noticias\/wp-json\/wp\/v2\/media\/35321"}],"wp:attachment":[{"href":"http:\/\/vocesver.com\/noticias\/wp-json\/wp\/v2\/media?parent=35313"}],"wp:term":[{"taxonomy":"category","embeddable":true,"href":"http:\/\/vocesver.com\/noticias\/wp-json\/wp\/v2\/categories?post=35313"},{"taxonomy":"post_tag","embeddable":true,"href":"http:\/\/vocesver.com\/noticias\/wp-json\/wp\/v2\/tags?post=35313"}],"curies":[{"name":"wp","href":"https:\/\/api.w.org\/{rel}","templated":true}]}}