{"id":35309,"date":"2022-05-25T22:25:26","date_gmt":"2022-05-25T22:25:26","guid":{"rendered":"http:\/\/vocesver.com\/noticias\/?p=35309"},"modified":"2022-05-25T22:26:48","modified_gmt":"2022-05-25T22:26:48","slug":"que-son-las-semanas-cotizadas-y-para-que-sirven-en-pensiones-del-imss-e-issste","status":"publish","type":"post","link":"http:\/\/vocesver.com\/noticias\/que-son-las-semanas-cotizadas-y-para-que-sirven-en-pensiones-del-imss-e-issste\/","title":{"rendered":"\u00bfQu\u00e9 son las semanas cotizadas y para qu\u00e9 sirven en pensiones del IMSS e ISSSTE?"},"content":{"rendered":"\n<p><br><br><br>Semanas cotizadas en los institutos de Seguridad y Servicios Sociales para los Trabajadores del Estado (ISSSTE) y Mexicano del Seguro Social (IMSS). Foto: Cuartoscuro<br><br><br>REDACCI\u00d3N\/VOCESVER.COM\/NOTICIAS<br><br><br>NACIONAL(NOTICIAS \u00a8\u00daTILES).- A  25 DE MAYO 2022.- DE ACUERDO CON INFORMACI\u00d3N  DE REDACCI\u00d3N\/CDMX\/M\u00c9XICO\/UNOTV&#8230;..(El Instituto Mexicano del Seguro Social (IMSS) explic\u00f3 en su sitio web oficial que las semanas cotizadas son las aportaciones que realizaste en esa dependencia durante el tiempo que trabajaste; en este proceso tambi\u00e9n participa tu patr\u00f3n.<br><br><br><br><br>Por su parte, el Instituto de Seguridad y Servicios Sociales para los Trabajadores del Estado (ISSSTE) detall\u00f3 que las semanas cotizadas son la cantidad total de d\u00edas laborales registrados por tus jefes: todo el tiempo que trabajaste o llevas trabajando.<br><br>Semanas cotizadas y pensiones del IMSS y el ISSSTE<br>Para pensionarte ante el IMSS debes tener mil 250 semanas cotizadas<br>Debes tener a la mano tu Clave \u00danica de Registro de Poblaci\u00f3n (CURP)<br>Tambi\u00e9n tu N\u00famero de Seguridad Social (NSS) y correo electr\u00f3nico personal<br>Para consultar la cantidad de semanas cotizadas que llevas, ingresa en este enlace oficial; en caso de que el asegurado cuente con las necesarias para efectuar tr\u00e1mite de pensi\u00f3n, realizar\u00e1 una solicitud en la Unidad de Medicina Familiar (UMF) de su adscripci\u00f3n.<br><br><br><br><br>Tambi\u00e9n, para una pensi\u00f3n en el ISSSTE, necesitas contar con un m\u00ednimo de 25 a\u00f1os de cotizaci\u00f3n o mil 250 semanas cotizadas; aqu\u00ed existe el retiro por cesant\u00eda (60 a\u00f1os de edad y 25 a\u00f1os de cotizaci\u00f3n) o retiro por vejez (65 a\u00f1os de edad y 25 a\u00f1os de cotizaci\u00f3n).<br><br><br>Tipos de pensiones en IMSS e ISSSTE<br>Adem\u00e1s de las semanas cotizadas, puedes informarte sobre los tipos de pensiones que hay para el IMSS: por vejez o cesant\u00eda en edad avanzada; riesgo de trabajo; invalidez; viudez y orfandad. Para saber m\u00e1s del tema, visita el siguiente enlace de Unotv.com.<br><br><br>En el ISSSTE, las pensiones vigentes son por incapacidad parcial permanente; viudez o concubinato, orfandad y ascendencia a causa de muerte por riesgo de trabajo; cesant\u00eda en edad avanzada; vejez e invalidez, seg\u00fan la informaci\u00f3n oficial de la misma dependencia.<br><br><br><br>INF. DE REDACCI\u00d3N\/CDMX(M\u00c9XICO\/UNOTV&#8230;..<br><br><br><br><br><br><br><br><br><br><br><br><br><br><br><br><br><br><br><br><br><br><br><br><br><br><br><br><\/p>\n","protected":false},"excerpt":{"rendered":"<p>Semanas cotizadas en los institutos de Seguridad y Servicios Sociales para los Trabajadores del Estado (ISSSTE) y Mexicano del Seguro<\/p>\n","protected":false},"author":2,"featured_media":35315,"comment_status":"open","ping_status":"open","sticky":false,"template":"","format":"standard","meta":{"colormag_page_container_layout":"default_layout","colormag_page_sidebar_layout":"default_layout","footnotes":""},"categories":[5],"tags":[],"class_list":["post-35309","post","type-post","status-publish","format-standard","has-post-thumbnail","hentry","category-nacional"],"_links":{"self":[{"href":"http:\/\/vocesver.com\/noticias\/wp-json\/wp\/v2\/posts\/35309","targetHints":{"allow":["GET"]}}],"collection":[{"href":"http:\/\/vocesver.com\/noticias\/wp-json\/wp\/v2\/posts"}],"about":[{"href":"http:\/\/vocesver.com\/noticias\/wp-json\/wp\/v2\/types\/post"}],"author":[{"embeddable":true,"href":"http:\/\/vocesver.com\/noticias\/wp-json\/wp\/v2\/users\/2"}],"replies":[{"embeddable":true,"href":"http:\/\/vocesver.com\/noticias\/wp-json\/wp\/v2\/comments?post=35309"}],"version-history":[{"count":2,"href":"http:\/\/vocesver.com\/noticias\/wp-json\/wp\/v2\/posts\/35309\/revisions"}],"predecessor-version":[{"id":35314,"href":"http:\/\/vocesver.com\/noticias\/wp-json\/wp\/v2\/posts\/35309\/revisions\/35314"}],"wp:featuredmedia":[{"embeddable":true,"href":"http:\/\/vocesver.com\/noticias\/wp-json\/wp\/v2\/media\/35315"}],"wp:attachment":[{"href":"http:\/\/vocesver.com\/noticias\/wp-json\/wp\/v2\/media?parent=35309"}],"wp:term":[{"taxonomy":"category","embeddable":true,"href":"http:\/\/vocesver.com\/noticias\/wp-json\/wp\/v2\/categories?post=35309"},{"taxonomy":"post_tag","embeddable":true,"href":"http:\/\/vocesver.com\/noticias\/wp-json\/wp\/v2\/tags?post=35309"}],"curies":[{"name":"wp","href":"https:\/\/api.w.org\/{rel}","templated":true}]}}