{"id":35298,"date":"2022-05-25T22:00:34","date_gmt":"2022-05-25T22:00:34","guid":{"rendered":"http:\/\/vocesver.com\/noticias\/?p=35298"},"modified":"2022-05-25T22:01:57","modified_gmt":"2022-05-25T22:01:57","slug":"el-papa-francisco-tiene-el-corazon-roto-por-tiroteo-en-texas-condena-comercio-de-armas","status":"publish","type":"post","link":"http:\/\/vocesver.com\/noticias\/el-papa-francisco-tiene-el-corazon-roto-por-tiroteo-en-texas-condena-comercio-de-armas\/","title":{"rendered":"El Papa Francisco tiene el \u201ccoraz\u00f3n roto\u201d por tiroteo en Texas; condena comercio de armas"},"content":{"rendered":"\n<p><br><br><br><br>En la escuela estudia una mayor\u00eda de ni\u00f1os hispanos, de entre 7 y 10 a\u00f1os, muchos de ellos de familias modestas. Fotos: Reuters \/ AFP<\/p>\n\n\n\n<p>REDACCI\u00d3N\/VOCESVER.COM\/NOTICIAS<br><br><br>INTERNACIONAL.- A 25 DE MAYO 2022.- DE ACUERDO CON INFORMACI\u00d3N DE AGENCIA\/CIUDAD DEL VATICANO,SANTA SEDE)\/AFP&#8230;.. El Papa Francisco dijo este mi\u00e9rcoles que ten\u00eda \u201cel coraz\u00f3n roto\u201d tras el tiroteo en una escuela primaria de Texas en Estados Unidos que dej\u00f3 22 muertos, incluyendo al agresor, y denunci\u00f3 el comercio \u201cincontrolado\u201d de armas.<br><br><br>\u201cTengo el coraz\u00f3n roto por esta matanza cometida en una escuela primaria de Texas. Rezo por los ni\u00f1os y por los adultos muertos y por sus familias. Es hora de decir \u2018basta\u2019 al tr\u00e1fico incontrolado de armas\u201c.<br><br>Papa Francisco, luego de la audiencia general del Vaticano<br>El Papa Francisco se caracteriza por alzar la voz y pronunciarse ante conflictos como el de Rusia, o temas de importancia como el cambio clim\u00e1tico.<br><br>Tiroteo en escuela primaria de Texas, Estados Unidos<br>As\u00ed te lo informamos:<br><br><br><br>Un adolescente de 18 a\u00f1os mat\u00f3 el martes a 19 ni\u00f1os y dos maestros en una escuela primaria de Uvalde, una peque\u00f1a localidad de Texas, situada cerca de la frontera con M\u00e9xico.<br><br>En la escuela estudian una mayor\u00eda de ni\u00f1os hispanos, de entre 7 y 10 a\u00f1os, muchos de ellos de familias modestas.<br><br>El gobernador de Texas, el republicano Greg Abbott, dijo en conferencia de prensa que el sospechoso, a quien identific\u00f3 como Salvador Ramos, era un residente local y ciudadano estadounidense y tambi\u00e9n falleci\u00f3, muy probablemente abatido por las fuerzas de seguridad.<br><br>El tiroteo fue el m\u00e1s mort\u00edfero desde el de Sandy Hook en Connecticut en 2012, en el que murieron 20 ni\u00f1os y seis adultos.<br><br><br>INF. DE AGENCIA\/CIUDAD DEL VATICANO,,SANTA SEDE\/UNOTV&#8230;..<br><br><br><br><br><br><br><br><br><br><br><br><br><br><br><br><br><br><br><br><br><br><br><br><br><br><br><br><br><br><br><br><\/p>\n","protected":false},"excerpt":{"rendered":"<p>En la escuela estudia una mayor\u00eda de ni\u00f1os hispanos, de entre 7 y 10 a\u00f1os, muchos de ellos de familias<\/p>\n","protected":false},"author":2,"featured_media":35305,"comment_status":"open","ping_status":"open","sticky":false,"template":"","format":"standard","meta":{"colormag_page_container_layout":"default_layout","colormag_page_sidebar_layout":"default_layout","footnotes":""},"categories":[6],"tags":[],"class_list":["post-35298","post","type-post","status-publish","format-standard","has-post-thumbnail","hentry","category-internacional"],"_links":{"self":[{"href":"http:\/\/vocesver.com\/noticias\/wp-json\/wp\/v2\/posts\/35298","targetHints":{"allow":["GET"]}}],"collection":[{"href":"http:\/\/vocesver.com\/noticias\/wp-json\/wp\/v2\/posts"}],"about":[{"href":"http:\/\/vocesver.com\/noticias\/wp-json\/wp\/v2\/types\/post"}],"author":[{"embeddable":true,"href":"http:\/\/vocesver.com\/noticias\/wp-json\/wp\/v2\/users\/2"}],"replies":[{"embeddable":true,"href":"http:\/\/vocesver.com\/noticias\/wp-json\/wp\/v2\/comments?post=35298"}],"version-history":[{"count":2,"href":"http:\/\/vocesver.com\/noticias\/wp-json\/wp\/v2\/posts\/35298\/revisions"}],"predecessor-version":[{"id":35304,"href":"http:\/\/vocesver.com\/noticias\/wp-json\/wp\/v2\/posts\/35298\/revisions\/35304"}],"wp:featuredmedia":[{"embeddable":true,"href":"http:\/\/vocesver.com\/noticias\/wp-json\/wp\/v2\/media\/35305"}],"wp:attachment":[{"href":"http:\/\/vocesver.com\/noticias\/wp-json\/wp\/v2\/media?parent=35298"}],"wp:term":[{"taxonomy":"category","embeddable":true,"href":"http:\/\/vocesver.com\/noticias\/wp-json\/wp\/v2\/categories?post=35298"},{"taxonomy":"post_tag","embeddable":true,"href":"http:\/\/vocesver.com\/noticias\/wp-json\/wp\/v2\/tags?post=35298"}],"curies":[{"name":"wp","href":"https:\/\/api.w.org\/{rel}","templated":true}]}}