{"id":35289,"date":"2022-05-25T21:46:33","date_gmt":"2022-05-25T21:46:33","guid":{"rendered":"http:\/\/vocesver.com\/noticias\/?p=35289"},"modified":"2022-05-25T21:50:23","modified_gmt":"2022-05-25T21:50:23","slug":"impartarten-talleres-de-la-comision-de-busqueda-en-veracruzcano-rodriguez","status":"publish","type":"post","link":"http:\/\/vocesver.com\/noticias\/impartarten-talleres-de-la-comision-de-busqueda-en-veracruzcano-rodriguez\/","title":{"rendered":"IMPARTARTEN TALLERES DE LA COMISI\u00d3N DE  B\u00daSQUEDA EN VERACRUZ:CANO RODR\u00cdGUEZ"},"content":{"rendered":"\n<p>\u00b0Capacitan a cuerpos de seguridad de esta localidad mediante talleres.<br>\u00b0A nivel estatal m\u00e1s del 70 % de desaparecidos son localizados y con <br>estos talleres se busca acrecentar esa cifra.<br>AUSENCIO RIVERA\/VOCESVER.COM\/NOTICIAS<br>Veracruz,Ver. a  25 de Mayo 2022.- La Regidur\u00eda Sexta del Ayuntamiento de Veracruz trabaja y apoya los talleres de la Comisi\u00f3n Estatal de B\u00fasqueda para que se pueda implementar en este municipio, van dirigidos a los cuerpos policiacos y \u00e1reas vinculantes como  los institutos municipales de la mujer,las Procuradur\u00edas Justicia entre otras instancias.<br>Sebasti\u00e1n Cano Rodr\u00edguez regidor Sexto del Ayuntamiento responsable de la Comisi\u00f3n de la Ni\u00f1ez,Familia y Carnaval explic\u00f3 que estos talleres tienen como objetivo la capacitaci\u00f3n de grupos municipales de b\u00fasqueda y que la labor que se realiza a nivel estatal tambi\u00e9n se vea permutada a nivel municipal. <br>Reconoci\u00f3 que esta capacitaci\u00f3n es a iniciativa de la Comisi\u00f3n Estatal de B\u00fasqueda que depende de la Secretar\u00eda de Gobernaci\u00f3n del Gobierno del Estado y\u201d nosotros estamos abonando y buscando apoyar esta capacitaci\u00f3n que consideramos es de suma importancia\u201d. <br> Por otro lado dijo que m\u00e1s del 70 por ciento de los casos de desparecidos en el Estado son localizados.<br>Por ello, lo que estamos buscando con estos mecanismos es acrecentar esa cifra.<br>Por otra parte el edil porte\u00f1o manifest\u00f3 desconocer el n\u00famero de casos de desaparecidos en el municipio de Veracruz.<br>No se que haya quejas, pero no veo que se presenten de manera constante en esta demarcaci\u00f3n. <br>Los talleres se impartieron en el DIF municipal durante dos d\u00edas y participaron diversos cuerpos policiacos e incluso se tuvo la participaci\u00f3n  de la alcaldesa Aransa Sam\u00edtis de Soledad de Doblado, Veracruz. La regidora de Boca del R\u00edo Ana Cristina Morales, la S\u00edndica de Medell\u00edn de Bravo,entre otros ediles\u2026\u2026<br><br><br><br><br><br><br><br><br><br><br><br><br><br><br><br><br><br><br><br><br><br><br><br><br><br><br><br><br><br><\/p>\n","protected":false},"excerpt":{"rendered":"<p>\u00b0Capacitan a cuerpos de seguridad de esta localidad mediante talleres.\u00b0A nivel estatal m\u00e1s del 70 % de desaparecidos son localizados<\/p>\n","protected":false},"author":2,"featured_media":35301,"comment_status":"open","ping_status":"open","sticky":false,"template":"","format":"standard","meta":{"colormag_page_container_layout":"default_layout","colormag_page_sidebar_layout":"default_layout","footnotes":""},"categories":[2],"tags":[],"class_list":["post-35289","post","type-post","status-publish","format-standard","has-post-thumbnail","hentry","category-infogral"],"_links":{"self":[{"href":"http:\/\/vocesver.com\/noticias\/wp-json\/wp\/v2\/posts\/35289","targetHints":{"allow":["GET"]}}],"collection":[{"href":"http:\/\/vocesver.com\/noticias\/wp-json\/wp\/v2\/posts"}],"about":[{"href":"http:\/\/vocesver.com\/noticias\/wp-json\/wp\/v2\/types\/post"}],"author":[{"embeddable":true,"href":"http:\/\/vocesver.com\/noticias\/wp-json\/wp\/v2\/users\/2"}],"replies":[{"embeddable":true,"href":"http:\/\/vocesver.com\/noticias\/wp-json\/wp\/v2\/comments?post=35289"}],"version-history":[{"count":2,"href":"http:\/\/vocesver.com\/noticias\/wp-json\/wp\/v2\/posts\/35289\/revisions"}],"predecessor-version":[{"id":35299,"href":"http:\/\/vocesver.com\/noticias\/wp-json\/wp\/v2\/posts\/35289\/revisions\/35299"}],"wp:featuredmedia":[{"embeddable":true,"href":"http:\/\/vocesver.com\/noticias\/wp-json\/wp\/v2\/media\/35301"}],"wp:attachment":[{"href":"http:\/\/vocesver.com\/noticias\/wp-json\/wp\/v2\/media?parent=35289"}],"wp:term":[{"taxonomy":"category","embeddable":true,"href":"http:\/\/vocesver.com\/noticias\/wp-json\/wp\/v2\/categories?post=35289"},{"taxonomy":"post_tag","embeddable":true,"href":"http:\/\/vocesver.com\/noticias\/wp-json\/wp\/v2\/tags?post=35289"}],"curies":[{"name":"wp","href":"https:\/\/api.w.org\/{rel}","templated":true}]}}