{"id":35284,"date":"2022-05-25T21:01:48","date_gmt":"2022-05-25T21:01:48","guid":{"rendered":"http:\/\/vocesver.com\/noticias\/?p=35284"},"modified":"2022-05-25T21:13:30","modified_gmt":"2022-05-25T21:13:30","slug":"los-apagones-de-cfe-solo-se-resolveran-si-esta-le-invierte-recursosmoncayo-parra","status":"publish","type":"post","link":"http:\/\/vocesver.com\/noticias\/los-apagones-de-cfe-solo-se-resolveran-si-esta-le-invierte-recursosmoncayo-parra\/","title":{"rendered":"MIENTRAS LA CFE NO LE INYECTE RECURSOS,HABR\u00c1 APAGONES EN VERACRUZ:MONCAYO PARRA."},"content":{"rendered":"\n<p><\/p>\n\n\n\n<p>\u00b0Actualmente las redes de energ\u00eda  requieren de un mantenimiento adecuado. <br>\u00b0Se rnecesitan por lo menos la compra de 250 transformadores en el municipio.<br>\u00b0Los apagones van a ser constantes, el aluminio no es lo mismo que el cobre.<br>AUSENCIO RIVERA\/VOCESVER.COM\/NOTICIAS<br>Veracruz,Ver.- a  25 de Mayo 2022.-Mientras que la CFE no le d\u00e9 el mantenimiento adecuado a las redes de energ\u00eda el\u00e9ctrica  del municipio de Veracruz y sobre todo linvierta recursos  en la compra de por lo menos 250 transformadores que hacen falta siempre habr\u00e1 apagones e interrupci\u00f3n del servicio afectando con ello a cientos de usuarios como actualmente sucede.<br>Lo anterior lo se\u00f1al\u00f3 Marco Antonio Moncayo Parra presidente del Movimiento Renovador Democr\u00e1tico(MRD) quien reconoci\u00f3 que  la empresa de clase mundial est\u00e1 tan mal ya que cada vez que llueve o hace norte el servicio se interrumpe como ocurri\u00f3 en esta semana con una ligera lluvia que se interrumpi\u00f3 durante todo el d\u00eda.<br>As\u00ed va ser de aqu\u00ed en adelante, si hay norte o lluvia va haber apagones e incluso si hay calor tambi\u00e9n habr\u00e1 apagones.<br>Advirti\u00f3 que en est\u00e1 semana est\u00e1 anunciado un frente frio con un vientecito y de nueva cuenta se ira la luz.<br>Este es un mal que existe y existir\u00e1 todo el tiempo mientras no se refuerce a la CFEcon recursos.-<br>El aguerrido luchador social dijo que los transformadores en su mayor\u00eda ya no tienen la capacidad para atender a tanta poblaci\u00f3n.  En pocas palabras la econom\u00eda de esta  empresa est\u00e1 rebasada y requiere de una buena inversi\u00f3n ya que cuando los trabajadores acuden a reparar los transformadores estos no tienen piezas o refacciones para ello. <br>Por otro lado denunci\u00f3 que el aluminio no es lo mismo que el cobre y por eso haya muchas deficiencias en la energ\u00eda el\u00e9ctrica.<br>Dijo que cuando hace mucho calor el aluminio se calienta mucho y es cuando hay muchos apagones que afectan a la poblaci\u00f3n. <br>Estos cortos son un peligro porque pueden ocasionar que una persona se electrocute, definitivamente deber\u00edan de  volver a utilizar el cobre, pero desgraciadamente eso no es posible porque ese material ya se lo robaron.<br>Cuando arrecie la temporada de lluvias esto va a ser peor,si un cable se corta y llega al suelo se mesclar\u00e1 con el agua y eso tambi\u00e9n puede provocar accidentes de lamentables consecuencias. <br>Desgraciadamente no somos preventivos debido a que la CFE no invierte en este rubro eso a pesar de que los usuarios pagamos muy bien la luz(a un alto costo que no merecemos).<br><br><br><br><br><br><br><br><br><br><br><br><br><br><br><br><br><br><br><br><br><br><br><br><br><br><br><br><br><br><br><br><br><br><\/p>\n","protected":false},"excerpt":{"rendered":"<p>\u00b0Actualmente las redes de energ\u00eda requieren de un mantenimiento adecuado. \u00b0Se rnecesitan por lo menos la compra de 250 transformadores<\/p>\n","protected":false},"author":2,"featured_media":35294,"comment_status":"open","ping_status":"open","sticky":false,"template":"","format":"standard","meta":{"colormag_page_container_layout":"default_layout","colormag_page_sidebar_layout":"default_layout","footnotes":""},"categories":[2],"tags":[],"class_list":["post-35284","post","type-post","status-publish","format-standard","has-post-thumbnail","hentry","category-infogral"],"_links":{"self":[{"href":"http:\/\/vocesver.com\/noticias\/wp-json\/wp\/v2\/posts\/35284","targetHints":{"allow":["GET"]}}],"collection":[{"href":"http:\/\/vocesver.com\/noticias\/wp-json\/wp\/v2\/posts"}],"about":[{"href":"http:\/\/vocesver.com\/noticias\/wp-json\/wp\/v2\/types\/post"}],"author":[{"embeddable":true,"href":"http:\/\/vocesver.com\/noticias\/wp-json\/wp\/v2\/users\/2"}],"replies":[{"embeddable":true,"href":"http:\/\/vocesver.com\/noticias\/wp-json\/wp\/v2\/comments?post=35284"}],"version-history":[{"count":5,"href":"http:\/\/vocesver.com\/noticias\/wp-json\/wp\/v2\/posts\/35284\/revisions"}],"predecessor-version":[{"id":35296,"href":"http:\/\/vocesver.com\/noticias\/wp-json\/wp\/v2\/posts\/35284\/revisions\/35296"}],"wp:featuredmedia":[{"embeddable":true,"href":"http:\/\/vocesver.com\/noticias\/wp-json\/wp\/v2\/media\/35294"}],"wp:attachment":[{"href":"http:\/\/vocesver.com\/noticias\/wp-json\/wp\/v2\/media?parent=35284"}],"wp:term":[{"taxonomy":"category","embeddable":true,"href":"http:\/\/vocesver.com\/noticias\/wp-json\/wp\/v2\/categories?post=35284"},{"taxonomy":"post_tag","embeddable":true,"href":"http:\/\/vocesver.com\/noticias\/wp-json\/wp\/v2\/tags?post=35284"}],"curies":[{"name":"wp","href":"https:\/\/api.w.org\/{rel}","templated":true}]}}