{"id":35278,"date":"2022-05-25T20:20:03","date_gmt":"2022-05-25T20:20:03","guid":{"rendered":"http:\/\/vocesver.com\/noticias\/?p=35278"},"modified":"2022-05-25T20:23:21","modified_gmt":"2022-05-25T20:23:21","slug":"el-prd-condena-el-actuar-del-gobierno-de-veracruz-ante-el-caso-de-viridiana-moreno","status":"publish","type":"post","link":"http:\/\/vocesver.com\/noticias\/el-prd-condena-el-actuar-del-gobierno-de-veracruz-ante-el-caso-de-viridiana-moreno\/","title":{"rendered":"El PRD condena el actuar del Gobierno de Veracruz ante el caso de Viridiana Moreno"},"content":{"rendered":"\n<p>-El Sol Azteca se suma a la exigencia de justicia<br><br><br><br>REDACCI\u00d3N\/VOCESVER.COM\/NOTICIAS<br><br>Xalapa, Ver., a 25 de mayo de 2022.- Desde la Direcci\u00f3n Estatal Ejecutiva del PRD en Veracruz, presidida por Sergio Cadena Mart\u00ednez, condenamos en\u00e9rgicamente el actuar del Gobierno del Estado ante el caso de Viridiana Moreno y nos sumamos a la exigencia de justicia.<br><br>Se\u00f1alamos y cuestionamos las declaraciones del gobernador de Veracruz, Cuitl\u00e1huac Garc\u00eda Jim\u00e9nez, las cuales entorpecieron el proceso de b\u00fasqueda al decir que la joven no estaba desaparecida, sino resguardada; expresiones que despu\u00e9s cambi\u00f3 tras las presi\u00f3n que la familia ejerci\u00f3.<br><br>Trascendi\u00f3 entre los entes de procuraci\u00f3n de justicia y diversos medios de comunicaci\u00f3n locales, que Viridiana, fue encontrada sin vida a una semana de haber desaparecido cuando se dirig\u00eda a una entrevista de trabajo en Chachalacas.<br><br>Dos alertas de violencia de g\u00e9nero contra las mujeres sin atender, declaraciones tomadas a la ligera en cuesti\u00f3n a las desapariciones y detenciones err\u00f3neas, son unas de tantas acciones que ofenden y hieren a los veracruzanos que confiaron en este gobierno ocurrente y sin empat\u00eda.<br><br>\u00a1Exigimos justicia y el esclarecimiento de los hechos!<br><br><br><br><br><br><br><br><br><br><br><br><br><br><br><br><br><br><br><br><br><br><br><br><br><br><br><br><br><br><br><br><br><br><br><br><\/p>\n","protected":false},"excerpt":{"rendered":"<p>-El Sol Azteca se suma a la exigencia de justicia REDACCI\u00d3N\/VOCESVER.COM\/NOTICIAS Xalapa, Ver., a 25 de mayo de 2022.- Desde<\/p>\n","protected":false},"author":2,"featured_media":35286,"comment_status":"open","ping_status":"open","sticky":false,"template":"","format":"standard","meta":{"colormag_page_container_layout":"default_layout","colormag_page_sidebar_layout":"default_layout","footnotes":""},"categories":[2],"tags":[],"class_list":["post-35278","post","type-post","status-publish","format-standard","has-post-thumbnail","hentry","category-infogral"],"_links":{"self":[{"href":"http:\/\/vocesver.com\/noticias\/wp-json\/wp\/v2\/posts\/35278","targetHints":{"allow":["GET"]}}],"collection":[{"href":"http:\/\/vocesver.com\/noticias\/wp-json\/wp\/v2\/posts"}],"about":[{"href":"http:\/\/vocesver.com\/noticias\/wp-json\/wp\/v2\/types\/post"}],"author":[{"embeddable":true,"href":"http:\/\/vocesver.com\/noticias\/wp-json\/wp\/v2\/users\/2"}],"replies":[{"embeddable":true,"href":"http:\/\/vocesver.com\/noticias\/wp-json\/wp\/v2\/comments?post=35278"}],"version-history":[{"count":2,"href":"http:\/\/vocesver.com\/noticias\/wp-json\/wp\/v2\/posts\/35278\/revisions"}],"predecessor-version":[{"id":35285,"href":"http:\/\/vocesver.com\/noticias\/wp-json\/wp\/v2\/posts\/35278\/revisions\/35285"}],"wp:featuredmedia":[{"embeddable":true,"href":"http:\/\/vocesver.com\/noticias\/wp-json\/wp\/v2\/media\/35286"}],"wp:attachment":[{"href":"http:\/\/vocesver.com\/noticias\/wp-json\/wp\/v2\/media?parent=35278"}],"wp:term":[{"taxonomy":"category","embeddable":true,"href":"http:\/\/vocesver.com\/noticias\/wp-json\/wp\/v2\/categories?post=35278"},{"taxonomy":"post_tag","embeddable":true,"href":"http:\/\/vocesver.com\/noticias\/wp-json\/wp\/v2\/tags?post=35278"}],"curies":[{"name":"wp","href":"https:\/\/api.w.org\/{rel}","templated":true}]}}