{"id":35274,"date":"2022-05-24T21:34:13","date_gmt":"2022-05-24T21:34:13","guid":{"rendered":"http:\/\/vocesver.com\/noticias\/?p=35274"},"modified":"2022-05-24T21:34:14","modified_gmt":"2022-05-24T21:34:14","slug":"por-que-y-cuando-se-celebra-el-dia-de-la-marina-en-mexico-ve-que-hace-un-marino","status":"publish","type":"post","link":"http:\/\/vocesver.com\/noticias\/por-que-y-cuando-se-celebra-el-dia-de-la-marina-en-mexico-ve-que-hace-un-marino\/","title":{"rendered":"\u00bfPor qu\u00e9 y cu\u00e1ndo se celebra el D\u00eda de la Marina en M\u00e9xico? Ve qu\u00e9 hace un marino"},"content":{"rendered":"\n<p>Por decreto oficial, el D\u00eda de la Marina se celebra el 1 de junio en M\u00e9xico, y este 2022 en Uno TV te decimos la raz\u00f3n. Foto: Cuartoscuro.<br><br><br><br><br><br>REDACCI\u00d3N\/VOCESVER.COM\/NOTICIAS<br><br><br>NACIONAL.- A 24 DE MAYO 2022.- DE ACUERDO CON INFORMACI\u00d3N DE REDACCI\u00d3N\/M\u00c9XICO\/CDMX\/UNOTV&#8230;..En M\u00e9xico, el D\u00eda de la Marina se celebra el 1 de junio porque ese d\u00eda, pero de 1917, zarp\u00f3 por primera vez del puerto de Veracruz el buque mercante mexicano Tabasco, con tripulaci\u00f3n 100% mexicana, cuando autoridades buscaban actualizar a nav\u00edos y personal.<br><br>Estamos listos para iniciar nuestro d\u00eda con Honor, Deber, Lealtad y Patriotismo\u2026 les deseamos un #FelizDomingo.\u2070#ArmadaDeM\u00e9xico #SEMAR pic.twitter.com\/yTwGS7ilq4<br><br>\u2014 SEMAR M\u00e9xico (@SEMAR_mx) May 22, 2022<br>\u00bfQu\u00e9 hace un marino?<br>La Secretar\u00eda de Marina (Semar) explic\u00f3 que la Armada de M\u00e9xico, como tambi\u00e9n se le conoce, \u201ces la rama o fuerza militar encargada de la vigilancia y salvaguardia de las costas, el mar territorial, una zona econ\u00f3mica exclusiva y el espacio a\u00e9reo mar\u00edtimo de M\u00e9xico, as\u00ed como en las aguas interiores, v\u00edas fluviales y lacustres navegables\u201d.<br><br>Adem\u00e1s, instrumenta el Plan Marina, en caso de desastres, donde los marinos realizan tareas que sirvan para salvaguardar a la poblaci\u00f3n afectada, por ejemplo, por un fen\u00f3meno natural.<br><br><br>En no pocos casos, la Marina tambi\u00e9n hace frente al crimen organizado.<br>Durante el D\u00eda de la Merina, se reconoce la importancia de la actividad mar\u00edtima y la labor de hombres y mujeres que contribuyen al desarrollo mar\u00edtimo mexicano.<br><br>Algunos otros sectores impulsados por los marinos son:<br><br><br>\u201cEl transporte mar\u00edtimo es facilitador de comercio, explotador de recursos y energ\u00edas; los puertos son piezas claves del desarrollo econ\u00f3mico, y las industrias de la construcci\u00f3n naval, pesquera, entre otras, son evidencias de su importancia para el pa\u00eds\u201d.<br><br>D\u00eda de la Marina 2022<br>La primera vez que se celebr\u00f3 el D\u00eda de la Marina fue en 1942<br>Dicha ceremonia en 1942 sirvi\u00f3 para homenajear a tripulaciones de los buques Potrero del Llano y Faja de Oro, torpedeados y hundidos por submarinos alemanes el 13 y 20 de mayo del mismo a\u00f1o durante la Segunda Guerra Mundial, dejando sin \u201cvida a muchos marinos mexicanos\u201d.<br><br>En cada salto mi \u00fanico objetivo es dar #TodoPorLaVida.#ENSAR, salvaguarda de la vida humana en la mar. pic.twitter.com\/8o0gD4EucF<br><br>\u2014 SEMAR M\u00e9xico (@SEMAR_mx) May 17, 2022<br>En el D\u00eda de la Marina 2022 se advierte que la dependencia previene delitos, \u201casegura la vigencia del estado de derecho\u201d, y hace uso de sus facultades para \u201cla seguridad interior y la defensa exterior del pa\u00eds\u201d, seg\u00fan otro texto de la misma Semar.<br><br><br><br><br>INF. DE REDACCI\u00d3N\/M\u00c9XICO\/CDMX\/UNOTV&#8230;..<br><br><br><br><br><br><br><br><br><br><br><br><br><br><br><br><br><br><br><br><br><br><br><br><br><br><br><br><br><br><\/p>\n","protected":false},"excerpt":{"rendered":"<p>Por decreto oficial, el D\u00eda de la Marina se celebra el 1 de junio en M\u00e9xico, y este 2022 en<\/p>\n","protected":false},"author":2,"featured_media":35279,"comment_status":"open","ping_status":"open","sticky":false,"template":"","format":"standard","meta":{"colormag_page_container_layout":"default_layout","colormag_page_sidebar_layout":"default_layout","footnotes":""},"categories":[5],"tags":[],"class_list":["post-35274","post","type-post","status-publish","format-standard","has-post-thumbnail","hentry","category-nacional"],"_links":{"self":[{"href":"http:\/\/vocesver.com\/noticias\/wp-json\/wp\/v2\/posts\/35274","targetHints":{"allow":["GET"]}}],"collection":[{"href":"http:\/\/vocesver.com\/noticias\/wp-json\/wp\/v2\/posts"}],"about":[{"href":"http:\/\/vocesver.com\/noticias\/wp-json\/wp\/v2\/types\/post"}],"author":[{"embeddable":true,"href":"http:\/\/vocesver.com\/noticias\/wp-json\/wp\/v2\/users\/2"}],"replies":[{"embeddable":true,"href":"http:\/\/vocesver.com\/noticias\/wp-json\/wp\/v2\/comments?post=35274"}],"version-history":[{"count":2,"href":"http:\/\/vocesver.com\/noticias\/wp-json\/wp\/v2\/posts\/35274\/revisions"}],"predecessor-version":[{"id":35280,"href":"http:\/\/vocesver.com\/noticias\/wp-json\/wp\/v2\/posts\/35274\/revisions\/35280"}],"wp:featuredmedia":[{"embeddable":true,"href":"http:\/\/vocesver.com\/noticias\/wp-json\/wp\/v2\/media\/35279"}],"wp:attachment":[{"href":"http:\/\/vocesver.com\/noticias\/wp-json\/wp\/v2\/media?parent=35274"}],"wp:term":[{"taxonomy":"category","embeddable":true,"href":"http:\/\/vocesver.com\/noticias\/wp-json\/wp\/v2\/categories?post=35274"},{"taxonomy":"post_tag","embeddable":true,"href":"http:\/\/vocesver.com\/noticias\/wp-json\/wp\/v2\/tags?post=35274"}],"curies":[{"name":"wp","href":"https:\/\/api.w.org\/{rel}","templated":true}]}}