{"id":35270,"date":"2022-05-24T21:15:33","date_gmt":"2022-05-24T21:15:33","guid":{"rendered":"http:\/\/vocesver.com\/noticias\/?p=35270"},"modified":"2022-05-24T21:53:17","modified_gmt":"2022-05-24T21:53:17","slug":"moci-organiza-megamarcha-de-protesta-contra-el-grupo-mas-para-este-domingo-olmos-cabrera","status":"publish","type":"post","link":"http:\/\/vocesver.com\/noticias\/moci-organiza-megamarcha-de-protesta-contra-el-grupo-mas-para-este-domingo-olmos-cabrera\/","title":{"rendered":"MOCI ORGANIZA MEGAMARCHA DE PROTESTA  CONTRA EL GRUPO MAS, PARA ESTE DOMINGO :OLMOS CABRERA"},"content":{"rendered":"\n<p><br>\u00b0Participar\u00e1n m\u00e1s de 800 afectados<br>\u00b0El MocI no descarta con la toma del Palacio Municipal.<br>\u00b0Ya est\u00e1n hartos de tantos abusos y que los tres niveles de gobierno no intervengan.<br>AUSENCIO RIVERA\/VOCESVER.COM7NOTICIAS<br>Veracruz,Ver.- a 24 de Mayo 2022.- Al se\u00f1alar que ya es tiempo que se le retire la concesi\u00f3n al Grupo MAS por los abusos que viene cometiendo contra el pueblo veracruzano,el ingeniero Oliver Olmos Cabrera presidente del Movimiento Civil Independiente(MOCI) confirm\u00f3 que ya se prepara una megamarcha de protesta contra dicha empresa como consecuencia de la falta de agua en diversas colonias del puerto de Veracruz,<br>En entrevista explic\u00f3 que esta marcha se realiza este domingo a las 6:30 de la tarde, partir\u00e1 del Parque Zamora, caminar\u00e1 toda la Avenida Independencia hasta concluir con un plant\u00f3n en el Z\u00f3calo de Veracruz.<br>La manifestaci\u00f3n de protesta es por la falta de continuidad en el abastecimiento del vital l\u00edquido,por el cobro de las tarifas que no teniendo el agua lo hacen como si lo tuvieras.<br>Tambi\u00e9n le vamos a reclamar a la autoridad municipal la modificaci\u00f3n de la pol\u00edtica tarifaria que est\u00e1n aplicando en funci\u00f3n de la concesi\u00f3n que le dieron al Grupo MAS. <br>Demandamos a la Comisi\u00f3n Nacional de Agua(CNA)que se haga un programa de reforestaci\u00f3n en el Pico de Orizaba para evitar este tipo de situaciones en la \u00e9poca de estiaje y que a\u00f1o con a\u00f1o se va agravando por los fen\u00f3menos del ni\u00f1o y la ni\u00f1a.<br>Nosotros en el MOCI tenemos afiliados a alrededor de 500 personas, pero en esta marcha participar\u00e1n todo ellos m\u00e1s los ciudadanos que se est\u00e1n viendo afectado por este grupo que no tienen para cuando cambiar. Estimamos una participaci\u00f3n de m\u00e1s de 800 personas dijo.<br>Por otro lado se\u00f1al\u00f3 que desde que inici\u00f3 este movimiento de protestas, hace dos a\u00f1os y medio  a la fecha llevamos m\u00e1s de 2 mi 700 quejas, cerca de 700 amparos,tenemos tres demandas, una de acci\u00f3n colectiva con Profeco-M\u00e9xico. Una demanda de nulidad de la concesi\u00f3n en el Juzgado Administrativo Contencioso de la Ciudad de Xalapa y actualmente estamos iniciando una demanda colectiva con la defensor\u00eda p\u00fablica federal por la calidad del agua que esta proporcionando el Grupo Mas.<br>Adem\u00e1s tenemos quejas en la Comisi\u00f3n Estatal de Derechos Humanos y seguimos trabajando con solicitudes de ajuste y amparos contra el cobro indebido que realiza el Grupo Mas y el grupo CAB a trav\u00e9s del Instituto Metropolitano del Agua y en algunos casos con la Prodeagua.<br> Confirm\u00f3 que el MOCI ya lleva tramitados m\u00e1s de  500 amparos contra el corte del agua entre individuales y colectivos<br>Finalmente dijo que de continuar imperando los abusos en contra del pueblo veracruzano, no descarta con tomar el Palacio Municipal como medida de presi\u00f3n.<br><br><br><br><br><br><br><br><br><br><br><br><br><br><br><br><br><br><br><br><br><br><br><br><br><br><br><br><br><\/p>\n","protected":false},"excerpt":{"rendered":"<p>\u00b0Participar\u00e1n m\u00e1s de 800 afectados\u00b0El MocI no descarta con la toma del Palacio Municipal.\u00b0Ya est\u00e1n hartos de tantos abusos y<\/p>\n","protected":false},"author":2,"featured_media":35275,"comment_status":"open","ping_status":"open","sticky":false,"template":"","format":"standard","meta":{"colormag_page_container_layout":"default_layout","colormag_page_sidebar_layout":"default_layout","footnotes":""},"categories":[2],"tags":[],"class_list":["post-35270","post","type-post","status-publish","format-standard","has-post-thumbnail","hentry","category-infogral"],"_links":{"self":[{"href":"http:\/\/vocesver.com\/noticias\/wp-json\/wp\/v2\/posts\/35270","targetHints":{"allow":["GET"]}}],"collection":[{"href":"http:\/\/vocesver.com\/noticias\/wp-json\/wp\/v2\/posts"}],"about":[{"href":"http:\/\/vocesver.com\/noticias\/wp-json\/wp\/v2\/types\/post"}],"author":[{"embeddable":true,"href":"http:\/\/vocesver.com\/noticias\/wp-json\/wp\/v2\/users\/2"}],"replies":[{"embeddable":true,"href":"http:\/\/vocesver.com\/noticias\/wp-json\/wp\/v2\/comments?post=35270"}],"version-history":[{"count":3,"href":"http:\/\/vocesver.com\/noticias\/wp-json\/wp\/v2\/posts\/35270\/revisions"}],"predecessor-version":[{"id":35282,"href":"http:\/\/vocesver.com\/noticias\/wp-json\/wp\/v2\/posts\/35270\/revisions\/35282"}],"wp:featuredmedia":[{"embeddable":true,"href":"http:\/\/vocesver.com\/noticias\/wp-json\/wp\/v2\/media\/35275"}],"wp:attachment":[{"href":"http:\/\/vocesver.com\/noticias\/wp-json\/wp\/v2\/media?parent=35270"}],"wp:term":[{"taxonomy":"category","embeddable":true,"href":"http:\/\/vocesver.com\/noticias\/wp-json\/wp\/v2\/categories?post=35270"},{"taxonomy":"post_tag","embeddable":true,"href":"http:\/\/vocesver.com\/noticias\/wp-json\/wp\/v2\/tags?post=35270"}],"curies":[{"name":"wp","href":"https:\/\/api.w.org\/{rel}","templated":true}]}}