{"id":35260,"date":"2022-05-24T20:18:12","date_gmt":"2022-05-24T20:18:12","guid":{"rendered":"http:\/\/vocesver.com\/noticias\/?p=35260"},"modified":"2022-05-24T20:23:06","modified_gmt":"2022-05-24T20:23:06","slug":"dirigente-estatal-de-morena-se-reune-con-militantes-y-simpatizantes-de-los-distritos-de-panuco-tantoyuca-tuxpan-y-poza-rica","status":"publish","type":"post","link":"http:\/\/vocesver.com\/noticias\/dirigente-estatal-de-morena-se-reune-con-militantes-y-simpatizantes-de-los-distritos-de-panuco-tantoyuca-tuxpan-y-poza-rica\/","title":{"rendered":"Dirigente Estatal de Morena se re\u00fane con militantes y simpatizantes de los distritos de P\u00e1nuco, Tantoyuca, Tuxpan y Poza Rica"},"content":{"rendered":"\n<p>AUSENCIO RIVERA\/VOCESVER.COM\/NOTICIAS<br><br>\u00b7      Tihuatl\u00e1n, Ver., 24 de mayo de 2021.- A mantenerse organizados para seguir caminando por el Movimiento Regeneraci\u00f3n Nacional e informar acerca de la iniciativa de reforma electoral del Presidente Andr\u00e9s Manuel L\u00f3pez Obrador, fue la invitaci\u00f3n del Delegado Estatal en funciones de Presidente del Movimiento de Regeneraci\u00f3n Nacional (Morena), Esteban Ram\u00edrez Zepeta, a militantes y simpatizantes.<br><br> <br><br>En el marco de las reuniones de agradecimiento con la militancia y simpatizantes realizadas el fin de semana en el norte del estado en los municipios de Ozuluama, Benito Ju\u00e1rez, Cazones de Herrera y Tihuatl\u00e1n, pertenecientes a los distritos P\u00e1nuco, Tantoyuca, Tuxpan y Poza Rica, destac\u00f3 los logros que se han obtenido en la zona norte del estado con el triunfo en diputaciones y alcald\u00edas en las elecciones del 2021. Afirm\u00f3 que se debe de continuar con los trabajos de difusi\u00f3n de las acciones realizadas por la Cuarta Transformaci\u00f3n y el Presidente Andr\u00e9s Manuel L\u00f3pez Obrador. Subray\u00f3 que, de manera especial, es tiempo de compartir informaci\u00f3n y concientizar acerca de la Reforma Electoral enviada por el Presidente al Congreso de la Uni\u00f3n en d\u00edas pasados.<br><br> <br><br>\u201cNo nos mueve la ambici\u00f3n por un cargo, tanto es as\u00ed, que una vez pasado el proceso electoral, agarramos la bandera del movimiento, nos ponemos la camisa del movimiento regeneraci\u00f3n nacional (MORENA) y salimos nuevamente a repartir el peri\u00f3dico regeneraci\u00f3n, a andar casa por casa, porque as\u00ed nos hemos formado a ras de suelo y tenemos que seguir as\u00ed, a ras de suelo.\u201d<br><br> <br><br>Coment\u00f3 que adem\u00e1s de los adversarios pol\u00edticos, ahora se tienen que enfrentar al Instituto Nacional Electoral, que ahora quieren quitar varios distritos electorales federales, juntando los distritos de P\u00e1nuco con Tantoyuca y los distritos de Poza Rica y Tuxpan y quitar el distrito de Xalapa, sin pensar en las complicaciones territoriales que tiene para la poblaci\u00f3n, adem\u00e1s de quitarle las diputaciones en estos distritos al movimiento que se han convertido en bastiones morenistas. Mencion\u00f3 que es necesario que la militancia informe a todas y todos los ciudadanos en qu\u00e9 consiste la iniciativa de Reforma Electoral, ya que lo que busca el Presidente es darle voz al pueblo y a la ciudadan\u00eda; adem\u00e1s de otros beneficios como los ahorros por m\u00e1s de 24 mil millones de pesos que se lograr\u00e1n con la reducci\u00f3n de los altos salarios y n\u00famero de consejeros electorales, que se acabe el presupuesto otorgado a los partidos pol\u00edticos y la eliminaci\u00f3n de Diputados y Senadores Plurinominales.<br><br> <br><br>Agradeci\u00f3 a militantes y simpatizantes por su esfuerzo y apoyo en el proceso electoral del 2021 y en las consultas de Juicio a Ex Presidentes y Revocaci\u00f3n de Mandato. Expres\u00f3 que gracias a su apoyo, Veracruz es el primer basti\u00f3n morenista en el pa\u00eds y la fuerza que el Movimiento Regeneraci\u00f3n Nacional (MORENA) ha adquirido en el norte del estado, record\u00f3 que no hay que perder de vista la unidad y organizaci\u00f3n para que los resultados obtenidos se puedan mantener y consolidar la Cuarta Transformaci\u00f3n.<br><br> <br><br>\u201cVayamos poco a poco, paso a paso, pero firmes y van a ver ustedes que lo vamos a lograr, que esto va a seguir avanzando, no nos metamos en grillas, porque yo les aseguro que si nos mantenemos unidos y organizados, volveremos a hacer historia\u201d concluy\u00f3. <br><br><br><br><br><br><br><br><br><br><br><br><br><br><br><br><br><br><br><br><br><br><br><br><br><br><br><br><br><br><br><br><br><\/p>\n","protected":false},"excerpt":{"rendered":"<p>AUSENCIO RIVERA\/VOCESVER.COM\/NOTICIAS \u00b7 Tihuatl\u00e1n, Ver., 24 de mayo de 2021.- A mantenerse organizados para seguir caminando por el Movimiento Regeneraci\u00f3n<\/p>\n","protected":false},"author":2,"featured_media":35268,"comment_status":"open","ping_status":"open","sticky":false,"template":"","format":"standard","meta":{"colormag_page_container_layout":"default_layout","colormag_page_sidebar_layout":"default_layout","footnotes":""},"categories":[2],"tags":[],"class_list":["post-35260","post","type-post","status-publish","format-standard","has-post-thumbnail","hentry","category-infogral"],"_links":{"self":[{"href":"http:\/\/vocesver.com\/noticias\/wp-json\/wp\/v2\/posts\/35260","targetHints":{"allow":["GET"]}}],"collection":[{"href":"http:\/\/vocesver.com\/noticias\/wp-json\/wp\/v2\/posts"}],"about":[{"href":"http:\/\/vocesver.com\/noticias\/wp-json\/wp\/v2\/types\/post"}],"author":[{"embeddable":true,"href":"http:\/\/vocesver.com\/noticias\/wp-json\/wp\/v2\/users\/2"}],"replies":[{"embeddable":true,"href":"http:\/\/vocesver.com\/noticias\/wp-json\/wp\/v2\/comments?post=35260"}],"version-history":[{"count":3,"href":"http:\/\/vocesver.com\/noticias\/wp-json\/wp\/v2\/posts\/35260\/revisions"}],"predecessor-version":[{"id":35267,"href":"http:\/\/vocesver.com\/noticias\/wp-json\/wp\/v2\/posts\/35260\/revisions\/35267"}],"wp:featuredmedia":[{"embeddable":true,"href":"http:\/\/vocesver.com\/noticias\/wp-json\/wp\/v2\/media\/35268"}],"wp:attachment":[{"href":"http:\/\/vocesver.com\/noticias\/wp-json\/wp\/v2\/media?parent=35260"}],"wp:term":[{"taxonomy":"category","embeddable":true,"href":"http:\/\/vocesver.com\/noticias\/wp-json\/wp\/v2\/categories?post=35260"},{"taxonomy":"post_tag","embeddable":true,"href":"http:\/\/vocesver.com\/noticias\/wp-json\/wp\/v2\/tags?post=35260"}],"curies":[{"name":"wp","href":"https:\/\/api.w.org\/{rel}","templated":true}]}}