{"id":35255,"date":"2022-05-23T21:42:56","date_gmt":"2022-05-23T21:42:56","guid":{"rendered":"http:\/\/vocesver.com\/noticias\/?p=35255"},"modified":"2022-05-23T21:44:35","modified_gmt":"2022-05-23T21:44:35","slug":"alarmante-la-actitud-del-gobierno-del-estado-ante-las-desapariciones-prd-veracruz","status":"publish","type":"post","link":"http:\/\/vocesver.com\/noticias\/alarmante-la-actitud-del-gobierno-del-estado-ante-las-desapariciones-prd-veracruz\/","title":{"rendered":"Alarmante la actitud del Gobierno del Estado ante las desapariciones: PRD Veracruz"},"content":{"rendered":"\n<p>-La entidad veracruzana va rumbo a una tercera alerta de violencia de g\u00e9nero contra las mujeres por desaparici\u00f3n de mujeres, adolescentes y ni\u00f1as<br><br>REDACCI\u00d3N\/VOCESVER.COM\/NOTICIAS<br>Xalapa, Ver., a 23 de mayo de 2022.- Myriam Lagunes Mar\u00edn, secretaria de Agendas de la Direcci\u00f3n Ejecutiva Estatal del PRD en Veracruz, consider\u00f3 alarmante la actitud del actual gobierno de Veracruz ante las desapariciones de mujeres, adolescentes y ni\u00f1as, esto luego de las declaraciones de Cuitl\u00e1huac Garc\u00eda ante el caso de Viridiana Moreno, quien desapareci\u00f3 el pasado 18 de mayo del a\u00f1o en curso.<br><br>En conferencia de prensa y acompa\u00f1ada de Yolanda Rend\u00f3n, secretaria de Comunicaci\u00f3n Pol\u00edtica en el PRD, Lagunes Mar\u00edn record\u00f3 que en el registro de personas desaparecidas ya hay m\u00e1s de cien mil en M\u00e9xico. \u201cEs grave la situaci\u00f3n de desapariciones en M\u00e9xico pero particularmente en el estado de Veracruz, ya que vamos rumbo a una tercera alerta de violencia de g\u00e9nero contra las mujeres por desaparici\u00f3n de mujeres, adolescentes y ni\u00f1as\u201d.<br><br>Resalt\u00f3 que esta es una problem\u00e1tica que va en aumento y que el Estado no le est\u00e1 dando la importancia que requiere, adem\u00e1s de que el gobernador de Veracruz desalienta a la sociedad civil organizada a buscar a las personas desaparecidas, haciendo declaraciones \u201cal aire y ligeramente\u201d; asimismo, lament\u00f3 que las autoridades correspondientes realizan actividades de b\u00fasqueda \u00fanicamente cuando hay presi\u00f3n medi\u00e1tica, porque \u201ccu\u00e1ntas personas no tienen esta capacidad de acudir a los medios de comunicaci\u00f3n o de cerrar una carretera\u201d, dijo.<br><br>Declar\u00f3 y remarc\u00f3 la gravedad del asunto ya que muestra un actuar omiso del Gobierno y que tal actitud constante no es solo un error; por lo que hizo un exhorto a los gobiernos federal y estatal, para que dejen de restar seriedad a las desapariciones.<br><br>\u00a1Patria ya, Democracia para todos!<br><br><br><br><br><br><br><br><br><br><br><br><br><br><br><br><br><br><br><br><br><br><br><br><br><br><br><br><br><br><br><br><br><br><br><\/p>\n","protected":false},"excerpt":{"rendered":"<p>-La entidad veracruzana va rumbo a una tercera alerta de violencia de g\u00e9nero contra las mujeres por desaparici\u00f3n de mujeres,<\/p>\n","protected":false},"author":2,"featured_media":35263,"comment_status":"open","ping_status":"open","sticky":false,"template":"","format":"standard","meta":{"colormag_page_container_layout":"default_layout","colormag_page_sidebar_layout":"default_layout","footnotes":""},"categories":[4],"tags":[],"class_list":["post-35255","post","type-post","status-publish","format-standard","has-post-thumbnail","hentry","category-estatal"],"_links":{"self":[{"href":"http:\/\/vocesver.com\/noticias\/wp-json\/wp\/v2\/posts\/35255","targetHints":{"allow":["GET"]}}],"collection":[{"href":"http:\/\/vocesver.com\/noticias\/wp-json\/wp\/v2\/posts"}],"about":[{"href":"http:\/\/vocesver.com\/noticias\/wp-json\/wp\/v2\/types\/post"}],"author":[{"embeddable":true,"href":"http:\/\/vocesver.com\/noticias\/wp-json\/wp\/v2\/users\/2"}],"replies":[{"embeddable":true,"href":"http:\/\/vocesver.com\/noticias\/wp-json\/wp\/v2\/comments?post=35255"}],"version-history":[{"count":2,"href":"http:\/\/vocesver.com\/noticias\/wp-json\/wp\/v2\/posts\/35255\/revisions"}],"predecessor-version":[{"id":35261,"href":"http:\/\/vocesver.com\/noticias\/wp-json\/wp\/v2\/posts\/35255\/revisions\/35261"}],"wp:featuredmedia":[{"embeddable":true,"href":"http:\/\/vocesver.com\/noticias\/wp-json\/wp\/v2\/media\/35263"}],"wp:attachment":[{"href":"http:\/\/vocesver.com\/noticias\/wp-json\/wp\/v2\/media?parent=35255"}],"wp:term":[{"taxonomy":"category","embeddable":true,"href":"http:\/\/vocesver.com\/noticias\/wp-json\/wp\/v2\/categories?post=35255"},{"taxonomy":"post_tag","embeddable":true,"href":"http:\/\/vocesver.com\/noticias\/wp-json\/wp\/v2\/tags?post=35255"}],"curies":[{"name":"wp","href":"https:\/\/api.w.org\/{rel}","templated":true}]}}