{"id":35244,"date":"2022-05-23T14:52:16","date_gmt":"2022-05-23T14:52:16","guid":{"rendered":"http:\/\/vocesver.com\/noticias\/?p=35244"},"modified":"2022-05-23T14:59:12","modified_gmt":"2022-05-23T14:59:12","slug":"no-hay-voluntad-ni-interes-de-resolver-el-problema-del-estadio-el-pirata-fuentefarias-moles","status":"publish","type":"post","link":"http:\/\/vocesver.com\/noticias\/no-hay-voluntad-ni-interes-de-resolver-el-problema-del-estadio-el-pirata-fuentefarias-moles\/","title":{"rendered":"NO HAY VOLUNTAD, NI INTER\u00c9S DE RESOLVER EL  PROBLEMA DEL ESTADIO \u201cEL PIRATA FUENTE\u201d:FAR\u00cdAS MORALES."},"content":{"rendered":"\n<p>\u00b0El adeudo con la Federaci\u00f3n es del se\u00f1or Kuri,no de Gobierno del Estado.<br>AUSENCIO RIVERA\/VOCESVER.COM\/NOTICIAS<br>Veracruz,Ver.- a 23 de Mayo del 2022.- En opini\u00f3n del Doctor Gilberto Far\u00edas Morales presidente del Colegio Nacional de Abogados Penalistas A.C. hasta el momento no ha habido voluntad, ni inter\u00e9s para resolver el problema del EstadIo de Futbol Luis de la Fuente y Hoyos\u201d El Pirata Fuente\u201d.<br>Entrevistado v\u00eda telef\u00f3nica por este reportero, el jurista veracruzano eso lo resumi\u00f3 en los siguiente puntos: Tengo entendido que existe un contrato de comodato entre el Gobierno del Estado y el Se\u00f1or Fidel Kuri \u201cpara que \u00e9ste pueda tener el uso y la posesi\u00f3n del estadio,adem\u00e1s  tambi\u00e9n existe una clausula en ese contrato que dice que cuando por cualquier circunstancia que ya no haya equipo de futbol como es el caso que hoy  nos ocupa, el Gobierno del Estado recuperar\u00e1 la posesi\u00f3n y dar\u00e1 por terminado el contrato\u201d.<br>Por otro lado dijo que existe un adeudo del se\u00f1or Kuri con la Federaci\u00f3n Mexicana de Futbol y en donde debemos de observar lo siguiente el adeudo es del se\u00f1or  antes mencionado, no del Gobierno del Estado.<br>A\u00f1adi\u00f3 que en este conflicto pareciera como si el estadio estuviera embargado,cosa que no lo es, m\u00e1s sin embargo indebidamente la Federaci\u00f3n dice mientras a mi no me paguen yo no dejo que ning\u00fan equipo juegue ah\u00ed.<br>El estado no tiene porqu\u00e9 pagar un adeudo porque no es suyo y tampoco puede permitir que \u00e9ste se siga deteriorando, luego entonces creo yo que el gobierno de la entidad tiene que dar por terminado legalmente el contrato de comodato con el Se\u00f1or Kuri y ante la negativa de \u00e9ste de entregar el inmueble que  sea un Juez quien jur\u00eddicamente lo entregue al Gobierno del Estado. <br>Solo as\u00ed el Gobierno de la entidad podr\u00e1 disponer legalmente del estadio, mientras esto no suceda el se\u00f1or Kuri seguir\u00e1 argumentando  tener derecho respecto de la posesi\u00f3n y uso del inmueble.<br>Lo m\u00e1s grave de todo esto es que el estadio es quien sufre las consecuencias, pues ni uno ni otro le dan mantenimiento y hoy tenemos un inmueble pr\u00e1cticamente en ruinas.<br>Indic\u00f3 que lo m\u00e1s sensato aqu\u00ed ser\u00eda es que el se\u00f1or Kuri de manera voluntaria diera por terminado ese contrato y entregarlo al Gobierno del Estado, con el fin de evitar un litigio largo y engorroso.  Esto evitar\u00eda m\u00e1s da\u00f1o al inmueble y desde luego al pueblo de Veracruz hablando de futbol.<br>Finalmente dijo que mientras este conflicto exista yo dudo que cualquier empresario serio quiera invertir en el ramo del futbol.<br><br><br><br><br><br><br><br><br><br><br><br><br><br><br><br><br><br><br><br><br><br><br><br><br><br><br><br><br><br><br><br><br><br><br><br><br><\/p>\n","protected":false},"excerpt":{"rendered":"<p>\u00b0El adeudo con la Federaci\u00f3n es del se\u00f1or Kuri,no de Gobierno del Estado.AUSENCIO RIVERA\/VOCESVER.COM\/NOTICIASVeracruz,Ver.- a 23 de Mayo del 2022.-<\/p>\n","protected":false},"author":2,"featured_media":35250,"comment_status":"open","ping_status":"open","sticky":false,"template":"","format":"standard","meta":{"colormag_page_container_layout":"default_layout","colormag_page_sidebar_layout":"default_layout","footnotes":""},"categories":[2],"tags":[],"class_list":["post-35244","post","type-post","status-publish","format-standard","has-post-thumbnail","hentry","category-infogral"],"_links":{"self":[{"href":"http:\/\/vocesver.com\/noticias\/wp-json\/wp\/v2\/posts\/35244","targetHints":{"allow":["GET"]}}],"collection":[{"href":"http:\/\/vocesver.com\/noticias\/wp-json\/wp\/v2\/posts"}],"about":[{"href":"http:\/\/vocesver.com\/noticias\/wp-json\/wp\/v2\/types\/post"}],"author":[{"embeddable":true,"href":"http:\/\/vocesver.com\/noticias\/wp-json\/wp\/v2\/users\/2"}],"replies":[{"embeddable":true,"href":"http:\/\/vocesver.com\/noticias\/wp-json\/wp\/v2\/comments?post=35244"}],"version-history":[{"count":4,"href":"http:\/\/vocesver.com\/noticias\/wp-json\/wp\/v2\/posts\/35244\/revisions"}],"predecessor-version":[{"id":35253,"href":"http:\/\/vocesver.com\/noticias\/wp-json\/wp\/v2\/posts\/35244\/revisions\/35253"}],"wp:featuredmedia":[{"embeddable":true,"href":"http:\/\/vocesver.com\/noticias\/wp-json\/wp\/v2\/media\/35250"}],"wp:attachment":[{"href":"http:\/\/vocesver.com\/noticias\/wp-json\/wp\/v2\/media?parent=35244"}],"wp:term":[{"taxonomy":"category","embeddable":true,"href":"http:\/\/vocesver.com\/noticias\/wp-json\/wp\/v2\/categories?post=35244"},{"taxonomy":"post_tag","embeddable":true,"href":"http:\/\/vocesver.com\/noticias\/wp-json\/wp\/v2\/tags?post=35244"}],"curies":[{"name":"wp","href":"https:\/\/api.w.org\/{rel}","templated":true}]}}