{"id":35211,"date":"2022-05-20T21:03:45","date_gmt":"2022-05-20T21:03:45","guid":{"rendered":"http:\/\/vocesver.com\/noticias\/?p=35211"},"modified":"2022-05-20T21:05:13","modified_gmt":"2022-05-20T21:05:13","slug":"vamos-a-fotalecer-al-prd-en-boca-del-rio-con-miras-al-proximo-proceso-electoralmunguia-rincon","status":"publish","type":"post","link":"http:\/\/vocesver.com\/noticias\/vamos-a-fotalecer-al-prd-en-boca-del-rio-con-miras-al-proximo-proceso-electoralmunguia-rincon\/","title":{"rendered":"VAMOS A FOTALECER AL PRD EN BOCA DEL R\u00cdO CON  MIRAS AL PR\u00d3XIMO PROCESO ELECTORAL:MUNGU\u00cdA RINC\u00d3N"},"content":{"rendered":"\n<p><br>\u00b0Actualmente el partido est\u00e1 creciendo,se est\u00e1 fortaleciendo y cuenta con liderazgos importantes.<br><br>AUSENCIO RIVERA\/VOCESVER.COM\/NOTICIAS.<br>Veracruz,Ver.  a 20 de Mayo 2022.- -Con el respaldo del dirigente estatal del PRD vamos a seguir preparando los trabajos con miras al 2023-2024-2025 y creemos que con ello vamos a renovar al partido para fortalecerlo.<br>Esto lo manifest\u00f3 Carlos Mungu\u00eda Rinc\u00f3n momentos antes de tomar protesta como delegado distrital del PRD en Boca del R\u00edo.<br>Acompa\u00f1ado de F\u00e9lix Castro Medina delegado distrital del PRD en Medell\u00edn de Bravo \u00e9ste a\u00f1adi\u00f3 que estos nombramientos son parte del esfuerzo que vamos a realizar para  preparar la estructura del partido con miras a fortalecer el pr\u00f3ximo  proceso electoral.<br>Por otro lado reconoci\u00f3 que el PRD se encuentra fuerte en la entidad ya que en el pasado proceso electoral fue el \u00fanico partido que mantuvo su votaci\u00f3n.<br>Dijo que a pesar de que se  perdieron algunas alcald\u00edas importantes se logr\u00f3 que en el total de la votaci\u00f3n se  incrementara en m\u00e1s de 20 mil votos.<br>Esto no lo dice Carlos Munguia, lo dice el n\u00famero de votos que est\u00e1n asentados en el OPLE y que fueron contabilizados despu\u00e9s del proceso electoral.<br>El PRD  hoy en d\u00eda est\u00e1 creciendo, se est\u00e1 fortaleciendo, hay liderazgos importantes que se suman y que vienen a fortalecer la estructura rumbo al pr\u00f3ximo proceso electoral.<br>Finalmente manifest\u00f3 su desconfianza en el actual gobierno federal por ser inepto y no hacer las cosas bien como en el tema de la seguridad que cada d\u00eda estamos peor. <br><br><br><br><br><br><br><br><br><br><br><br><br><br><br><br><br><br><br><br><br><br><br><br><br><br><br><br><br><br><br><br><br><br><br><br><\/p>\n","protected":false},"excerpt":{"rendered":"<p>\u00b0Actualmente el partido est\u00e1 creciendo,se est\u00e1 fortaleciendo y cuenta con liderazgos importantes. AUSENCIO RIVERA\/VOCESVER.COM\/NOTICIAS.Veracruz,Ver. a 20 de Mayo 2022.- -Con<\/p>\n","protected":false},"author":2,"featured_media":35222,"comment_status":"open","ping_status":"open","sticky":false,"template":"","format":"standard","meta":{"colormag_page_container_layout":"default_layout","colormag_page_sidebar_layout":"default_layout","footnotes":""},"categories":[2],"tags":[],"class_list":["post-35211","post","type-post","status-publish","format-standard","has-post-thumbnail","hentry","category-infogral"],"_links":{"self":[{"href":"http:\/\/vocesver.com\/noticias\/wp-json\/wp\/v2\/posts\/35211","targetHints":{"allow":["GET"]}}],"collection":[{"href":"http:\/\/vocesver.com\/noticias\/wp-json\/wp\/v2\/posts"}],"about":[{"href":"http:\/\/vocesver.com\/noticias\/wp-json\/wp\/v2\/types\/post"}],"author":[{"embeddable":true,"href":"http:\/\/vocesver.com\/noticias\/wp-json\/wp\/v2\/users\/2"}],"replies":[{"embeddable":true,"href":"http:\/\/vocesver.com\/noticias\/wp-json\/wp\/v2\/comments?post=35211"}],"version-history":[{"count":2,"href":"http:\/\/vocesver.com\/noticias\/wp-json\/wp\/v2\/posts\/35211\/revisions"}],"predecessor-version":[{"id":35221,"href":"http:\/\/vocesver.com\/noticias\/wp-json\/wp\/v2\/posts\/35211\/revisions\/35221"}],"wp:featuredmedia":[{"embeddable":true,"href":"http:\/\/vocesver.com\/noticias\/wp-json\/wp\/v2\/media\/35222"}],"wp:attachment":[{"href":"http:\/\/vocesver.com\/noticias\/wp-json\/wp\/v2\/media?parent=35211"}],"wp:term":[{"taxonomy":"category","embeddable":true,"href":"http:\/\/vocesver.com\/noticias\/wp-json\/wp\/v2\/categories?post=35211"},{"taxonomy":"post_tag","embeddable":true,"href":"http:\/\/vocesver.com\/noticias\/wp-json\/wp\/v2\/tags?post=35211"}],"curies":[{"name":"wp","href":"https:\/\/api.w.org\/{rel}","templated":true}]}}