{"id":35207,"date":"2022-05-20T20:21:08","date_gmt":"2022-05-20T20:21:08","guid":{"rendered":"http:\/\/vocesver.com\/noticias\/?p=35207"},"modified":"2022-05-20T20:34:56","modified_gmt":"2022-05-20T20:34:56","slug":"partido-en-el-poder-le-esta-entrando-con-todo-el-recurso-posible-y-con-amenazas-a-actores-politicossergio-cadena","status":"publish","type":"post","link":"http:\/\/vocesver.com\/noticias\/partido-en-el-poder-le-esta-entrando-con-todo-el-recurso-posible-y-con-amenazas-a-actores-politicossergio-cadena\/","title":{"rendered":"PARTIDO EN EL PODER LE ESTA ENTRANDO CON TODO EL  RECURSO POSIBLE Y CON AMENAZAS A ACTORES  POL\u00cdTICOS:SERGIO CADENA"},"content":{"rendered":"\n<p>\u00b0Por eso el PRD la tiene complicada e los 6 estados donde habr\u00e1 elecciones el pr\u00f3ximo 5 de junio.<br>AUSENCIO RIVERA\/VOCESVER.COM\/NOTICIAS<br>Veracruz,Ver.- a 20 de Mayo 2022. El panorama para el PRD para el pr\u00f3ximo 5 de Junio donde habr\u00e1 elecciones en 6 estados de la Rep\u00fablica est\u00e1 complicado \u201cporque el partido en el gobierno le est\u00e1 entrando con todo el recurso posible y con amenazas  a todos los actores pol\u00edticos\u201d.<br>Esto lo se\u00f1al\u00f3 Sergio Cadena Mart\u00ednez dirigente estatal del PRD quien en conferencia de medios dijo que pese a ello \u00e9l tiene confianza de que el partido saque una buena votaci\u00f3n en esos estados que \u201cnos permita seguir teniendo presencia nacional importante\u201d.<br>Acompa\u00f1ado del ex diputado federal Julio Salda\u00f1a Mor\u00e1n y Carlos Mungu\u00eda Rinc\u00f3n el dirigente del Partido del Sol Azteca tambi\u00e9n se manifest\u00f3 en contra de la reforma electoral que el Presidente quiere enviar por ser \u00e9sta una reforma autoritaria y por lo mismo en el 90 % la rechazamos \u201cporque quiere desaparecer organismos aut\u00f3nomos como el INE, el OPLE entre otros y no es estamos de acuerdo porque estos han hecho un trabajo importante ya que gracias al trabajo del Instituto Nacional Electoral el ciudadano presidente hoy gobierna M\u00e9xico. <br>Sino hubiese sido as\u00ed no le hubieran reconocido su triunfo remach\u00f3.<br>Yo no entiendo porqu\u00e9 lo que funciona lo quieren desaparecer enfatiz\u00f3.<br>Por otra parte el entrevistado manifest\u00f3 su confianza en que Carlos Mungu\u00eda Rinc\u00f3n har\u00e1 un buen papel en el Distrito del PRD de Boca del R\u00edo. <br>Con este cargo \u00e9l tiene que hacer trabajo pol\u00edtico,tiene que enlazarse con nuestra estructuras y tiene que hacer un an\u00e1lisis y una evaluaci\u00f3n de c\u00f3mo se encuentra el partido en esta zona que a nosotros se nos ha complicado, pero Carlos tienen experiencia y estoy seguro que har\u00e1 un buen trabajo. <br><br><br><br><br><br><br><br><br><br><br><br><br><br><br><br><br><br><br><br><br><br><br><br><br><br><br><br><br><br><br><\/p>\n","protected":false},"excerpt":{"rendered":"<p>\u00b0Por eso el PRD la tiene complicada e los 6 estados donde habr\u00e1 elecciones el pr\u00f3ximo 5 de junio.AUSENCIO RIVERA\/VOCESVER.COM\/NOTICIASVeracruz,Ver.-<\/p>\n","protected":false},"author":2,"featured_media":35213,"comment_status":"open","ping_status":"open","sticky":false,"template":"","format":"standard","meta":{"colormag_page_container_layout":"default_layout","colormag_page_sidebar_layout":"default_layout","footnotes":""},"categories":[2],"tags":[],"class_list":["post-35207","post","type-post","status-publish","format-standard","has-post-thumbnail","hentry","category-infogral"],"_links":{"self":[{"href":"http:\/\/vocesver.com\/noticias\/wp-json\/wp\/v2\/posts\/35207","targetHints":{"allow":["GET"]}}],"collection":[{"href":"http:\/\/vocesver.com\/noticias\/wp-json\/wp\/v2\/posts"}],"about":[{"href":"http:\/\/vocesver.com\/noticias\/wp-json\/wp\/v2\/types\/post"}],"author":[{"embeddable":true,"href":"http:\/\/vocesver.com\/noticias\/wp-json\/wp\/v2\/users\/2"}],"replies":[{"embeddable":true,"href":"http:\/\/vocesver.com\/noticias\/wp-json\/wp\/v2\/comments?post=35207"}],"version-history":[{"count":5,"href":"http:\/\/vocesver.com\/noticias\/wp-json\/wp\/v2\/posts\/35207\/revisions"}],"predecessor-version":[{"id":35218,"href":"http:\/\/vocesver.com\/noticias\/wp-json\/wp\/v2\/posts\/35207\/revisions\/35218"}],"wp:featuredmedia":[{"embeddable":true,"href":"http:\/\/vocesver.com\/noticias\/wp-json\/wp\/v2\/media\/35213"}],"wp:attachment":[{"href":"http:\/\/vocesver.com\/noticias\/wp-json\/wp\/v2\/media?parent=35207"}],"wp:term":[{"taxonomy":"category","embeddable":true,"href":"http:\/\/vocesver.com\/noticias\/wp-json\/wp\/v2\/categories?post=35207"},{"taxonomy":"post_tag","embeddable":true,"href":"http:\/\/vocesver.com\/noticias\/wp-json\/wp\/v2\/tags?post=35207"}],"curies":[{"name":"wp","href":"https:\/\/api.w.org\/{rel}","templated":true}]}}