{"id":35203,"date":"2022-05-20T19:47:24","date_gmt":"2022-05-20T19:47:24","guid":{"rendered":"http:\/\/vocesver.com\/noticias\/?p=35203"},"modified":"2022-05-20T19:50:38","modified_gmt":"2022-05-20T19:50:38","slug":"dirigencia-estatal-del-prd-tomo-protesta-a-carlos-munguia-como-delegado-del-distrito-de-boca-del-rio","status":"publish","type":"post","link":"http:\/\/vocesver.com\/noticias\/dirigencia-estatal-del-prd-tomo-protesta-a-carlos-munguia-como-delegado-del-distrito-de-boca-del-rio\/","title":{"rendered":"DIRIGENCIA ESTATAL DEL PRD TOM\u00d3 PROTESTA A CARLOS MUNGU\u00cdA COMO DELEGADO DEL DISTRITO DE BOCA DEL R\u00cdO."},"content":{"rendered":"\n<p>\u00b0Antes en conferencia de medios Sergio Cadena anunci\u00f3 la instalaci\u00f3n de 30 distristos locales.<br><\/p>\n\n\n\n<p><\/p>\n\n\n\n<p>AUSENCIO RIVERA\/VOCESVER.COM\/NOTICIAS<br><br>VERACRUZ,VER.- A 20 DE  MAYO 2022.- Se instalar\u00e1n comit\u00e9s en los 30 distritos locales del Estado, habr\u00e1 delegados que se har\u00e1n cargo del trabajo pol\u00edtico que el PRD ha iniciado hace 15 d\u00edas. Hoy se tom\u00f3 protesta a Carlos Mungu\u00eda como delegado del distrito en Boca del R\u00edo.<br><br>-La reforma electoral es positiva si en verdad se quiere avanzar en la consolidaci\u00f3n de la democracia, pero en la forma como Morena ha presentado su propuesta, va en sentido contrario, debilitar la democracia para dar paso a un r\u00e9gimen de partido hegem\u00f3nico c\u00f3mo en el pasado.<br><br>-La extinci\u00f3n del Fideicomiso P\u00fablico de Administraci\u00f3n del Acuario de Veracruz, es un reprobable abuso de autoridad, un manotazo pol\u00edtico del gobernador Cuitl\u00e1huac Garc\u00eda, que en nada beneficia a los veracruzanos y al turismo nacional e internacional que lo visita.<br><br>-Los veracruzanos v\u00edctimas de un gobierno autoritario que reprime, fabrica culpables y encarcela inocentes. El fiasco de la Fiscal\u00eda General del Estado (FGE), al inculpar a un inocente, es una muestra de c\u00f3mo se aplica la justicia en Veracruz.<br><br>-PRD est\u00e1 m\u00e1s fuerte que nunca, no corre riesgo de desaparecer, y en las elecciones ha mantenido los votos.<br><br>&#8212;<br><br><br><br><br><br><br><br><br><br><br><br><br><br><br><br><br><br><br><br><br><br><br><br><br><br><br><br><br><br><br><br><br><br><\/p>\n","protected":false},"excerpt":{"rendered":"<p>\u00b0Antes en conferencia de medios Sergio Cadena anunci\u00f3 la instalaci\u00f3n de 30 distristos locales. AUSENCIO RIVERA\/VOCESVER.COM\/NOTICIAS VERACRUZ,VER.- A 20 DE<\/p>\n","protected":false},"author":2,"featured_media":35209,"comment_status":"open","ping_status":"open","sticky":false,"template":"","format":"standard","meta":{"colormag_page_container_layout":"default_layout","colormag_page_sidebar_layout":"default_layout","footnotes":""},"categories":[2],"tags":[],"class_list":["post-35203","post","type-post","status-publish","format-standard","has-post-thumbnail","hentry","category-infogral"],"_links":{"self":[{"href":"http:\/\/vocesver.com\/noticias\/wp-json\/wp\/v2\/posts\/35203","targetHints":{"allow":["GET"]}}],"collection":[{"href":"http:\/\/vocesver.com\/noticias\/wp-json\/wp\/v2\/posts"}],"about":[{"href":"http:\/\/vocesver.com\/noticias\/wp-json\/wp\/v2\/types\/post"}],"author":[{"embeddable":true,"href":"http:\/\/vocesver.com\/noticias\/wp-json\/wp\/v2\/users\/2"}],"replies":[{"embeddable":true,"href":"http:\/\/vocesver.com\/noticias\/wp-json\/wp\/v2\/comments?post=35203"}],"version-history":[{"count":2,"href":"http:\/\/vocesver.com\/noticias\/wp-json\/wp\/v2\/posts\/35203\/revisions"}],"predecessor-version":[{"id":35208,"href":"http:\/\/vocesver.com\/noticias\/wp-json\/wp\/v2\/posts\/35203\/revisions\/35208"}],"wp:featuredmedia":[{"embeddable":true,"href":"http:\/\/vocesver.com\/noticias\/wp-json\/wp\/v2\/media\/35209"}],"wp:attachment":[{"href":"http:\/\/vocesver.com\/noticias\/wp-json\/wp\/v2\/media?parent=35203"}],"wp:term":[{"taxonomy":"category","embeddable":true,"href":"http:\/\/vocesver.com\/noticias\/wp-json\/wp\/v2\/categories?post=35203"},{"taxonomy":"post_tag","embeddable":true,"href":"http:\/\/vocesver.com\/noticias\/wp-json\/wp\/v2\/tags?post=35203"}],"curies":[{"name":"wp","href":"https:\/\/api.w.org\/{rel}","templated":true}]}}