{"id":35199,"date":"2022-05-19T21:59:35","date_gmt":"2022-05-19T21:59:35","guid":{"rendered":"http:\/\/vocesver.com\/noticias\/?p=35199"},"modified":"2022-05-19T22:00:40","modified_gmt":"2022-05-19T22:00:40","slug":"se-hace-a-un-lado-no-entra-en-vigor-amlo-sobre-nueva-norma-de-revision-vehicular","status":"publish","type":"post","link":"http:\/\/vocesver.com\/noticias\/se-hace-a-un-lado-no-entra-en-vigor-amlo-sobre-nueva-norma-de-revision-vehicular\/","title":{"rendered":"\u201cSe hace a un lado, no entra en vigor\u201d: AMLO sobre nueva norma de revisi\u00f3n vehicular"},"content":{"rendered":"\n<p><br>AMLO dijo que se har\u00e1 a un lado la nueva norma Foto: Cuartoscuro<br><br><br><br>REDACCI\u00d3N\/VOCESVER.COM\/NOTICIAS<br><br>NACIONAL.- A 19 DE MAYO 2022.-DE ACUERDO CON INFORMACI\u00d3N DE REDACCI\u00d3N\/AGENCIAS&#8230;. No entrar\u00e1 en vigor la nueva norma de revisi\u00f3n vehicular f\u00edsico-mec\u00e1nica, as\u00ed lo anunci\u00f3 el presidente Andr\u00e9s Manuel L\u00f3pez Obrador (AMLO), quien adem\u00e1s afirm\u00f3 que no sab\u00eda sobre el tema.<br><br>\u201cYo no sab\u00eda y estoy pendiente, pero no sab\u00eda que hab\u00edan tomado un acuerdo de hacer una especie de verificaci\u00f3n a los veh\u00edculos y cobrar, no ten\u00eda ni siquiera la informaci\u00f3n\u201d.<br><br>Andr\u00e9s Manuel L\u00f3pez Obrador, presidente de M\u00e9xico.<br>Durante su conferencia de prensa matutina de este jueves, el mandatario federal dijo que luego de que ayer la titular de la Secretar\u00eda de Econom\u00eda, Tatiana Clouthier, plante\u00f3 mantener la revisi\u00f3n, pero sin cobrar un solo peso, se har\u00e1 a un lado la norma de verificaci\u00f3n vehicular.<br><br>\u201cLa secretaria de Econom\u00eda, Tatiana Clouthier, que es de primera, honesta y adem\u00e1s con sentido com\u00fan, que deber\u00eda ser el m\u00e1s com\u00fan de los sentidos, y ya eso se hace a un lado, no entra en vigor\u201d.<br><br>Andr\u00e9s Manuel L\u00f3pez Obrador, presidente de M\u00e9xico.<br><br>\u00bfEn qu\u00e9 consiste la nueva revisi\u00f3n vehicular?<br>De acuerdo con lo publicado en el Diario Oficial de la Federaci\u00f3n, los autom\u00f3viles que tendr\u00e1n que someterse a estas condiciones son aquellos que no superen las 3.8 toneladas, donde se incluye a los veh\u00edculos nuevos, y que no tienen m\u00e1s de mil kil\u00f3metros recorridos.<br><br><br>La nueva Norma Oficial Mexicana NOM 236-SE-2021 de verificaci\u00f3n vehicular se\u00f1ala que se tomar\u00e1n diferentes elementos, como parabrisas, ventanas, cofres, puertas, chasis, carrocer\u00eda, espejos, asientos, cinturones de seguridad, luces, faros, entre otros.<br><br><br>Los veh\u00edculos que cuenten con los siguientes elementos se someter\u00e1n a inspecci\u00f3n t\u00e9cnica:<br><br>Veh\u00edculos de transporte particular: cuatro a\u00f1os posteriores a la fecha de su comercializaci\u00f3n como veh\u00edculo nuevo, y a partir de entonces, cada dos a\u00f1os hasta el noveno a\u00f1o<br>Veh\u00edculos de transporte particular de 10 o m\u00e1s a\u00f1os posteriores a la fecha de su comercializaci\u00f3n como veh\u00edculo nuevo: cada a\u00f1o<br>Veh\u00edculos de uso intensivo: un a\u00f1o despu\u00e9s de la fecha de su comercializaci\u00f3n como veh\u00edculo nuevo, y a partir de entonces, cada a\u00f1o<br>As\u00ed te informamos la primera declaraci\u00f3n de AMLO sobre que no se va a estar \u201cbolseando a la gente\u201d con la nueva norma:<br><br><br>INF. DE REDACCI\u00d3N\/AGENCIAS&#8230;<br><br><br><br><br><br><br><br><br><br><br><br><br><br><br><br><br><br><br><br><br><br><br><br><br><br><br><br><br><br><br><\/p>\n","protected":false},"excerpt":{"rendered":"<p>AMLO dijo que se har\u00e1 a un lado la nueva norma Foto: Cuartoscuro REDACCI\u00d3N\/VOCESVER.COM\/NOTICIAS NACIONAL.- A 19 DE MAYO 2022.-DE<\/p>\n","protected":false},"author":2,"featured_media":35205,"comment_status":"open","ping_status":"open","sticky":false,"template":"","format":"standard","meta":{"colormag_page_container_layout":"default_layout","colormag_page_sidebar_layout":"default_layout","footnotes":""},"categories":[5],"tags":[],"class_list":["post-35199","post","type-post","status-publish","format-standard","has-post-thumbnail","hentry","category-nacional"],"_links":{"self":[{"href":"http:\/\/vocesver.com\/noticias\/wp-json\/wp\/v2\/posts\/35199","targetHints":{"allow":["GET"]}}],"collection":[{"href":"http:\/\/vocesver.com\/noticias\/wp-json\/wp\/v2\/posts"}],"about":[{"href":"http:\/\/vocesver.com\/noticias\/wp-json\/wp\/v2\/types\/post"}],"author":[{"embeddable":true,"href":"http:\/\/vocesver.com\/noticias\/wp-json\/wp\/v2\/users\/2"}],"replies":[{"embeddable":true,"href":"http:\/\/vocesver.com\/noticias\/wp-json\/wp\/v2\/comments?post=35199"}],"version-history":[{"count":2,"href":"http:\/\/vocesver.com\/noticias\/wp-json\/wp\/v2\/posts\/35199\/revisions"}],"predecessor-version":[{"id":35204,"href":"http:\/\/vocesver.com\/noticias\/wp-json\/wp\/v2\/posts\/35199\/revisions\/35204"}],"wp:featuredmedia":[{"embeddable":true,"href":"http:\/\/vocesver.com\/noticias\/wp-json\/wp\/v2\/media\/35205"}],"wp:attachment":[{"href":"http:\/\/vocesver.com\/noticias\/wp-json\/wp\/v2\/media?parent=35199"}],"wp:term":[{"taxonomy":"category","embeddable":true,"href":"http:\/\/vocesver.com\/noticias\/wp-json\/wp\/v2\/categories?post=35199"},{"taxonomy":"post_tag","embeddable":true,"href":"http:\/\/vocesver.com\/noticias\/wp-json\/wp\/v2\/tags?post=35199"}],"curies":[{"name":"wp","href":"https:\/\/api.w.org\/{rel}","templated":true}]}}