{"id":35194,"date":"2022-05-19T21:52:13","date_gmt":"2022-05-19T21:52:13","guid":{"rendered":"http:\/\/vocesver.com\/noticias\/?p=35194"},"modified":"2022-05-19T21:53:11","modified_gmt":"2022-05-19T21:53:11","slug":"atento-preven-mas-ciclones-tropicales-de-lo-habitual-en-esta-temporada-de-lluvias","status":"publish","type":"post","link":"http:\/\/vocesver.com\/noticias\/atento-preven-mas-ciclones-tropicales-de-lo-habitual-en-esta-temporada-de-lluvias\/","title":{"rendered":"Atento: prev\u00e9n m\u00e1s ciclones tropicales de lo habitual en esta temporada de lluvias"},"content":{"rendered":"\n<p><br>Se monitorean los fen\u00f3menos meteorol\u00f3gicos para proteger a la poblaci\u00f3n.<br><br><br><br>REDACCI\u00d3N\/VOCESVER.COM\/NOTICIAS<br><br>NACIONAL.- A 19 DE MAYO 2022.- DE ACUERDO CON INFORMACI\u00d3N DE REDACCI\u00d3N\/UNOTV&#8230;..La Comisi\u00f3n Nacional del Agua (Conagua) inform\u00f3 que, durante la temporada de lluvias 2022, se prev\u00e9n m\u00e1s ciclones tropicales que lo habitual: entre 30 y 40, en total, en los oc\u00e9anos Pac\u00edfico y Atl\u00e1ntico, seg\u00fan informaci\u00f3n del Servicio Meteorol\u00f3gico Nacional (SMN). De n\u00famero, se estima que 5 impactar\u00edan al territorio nacional, ya sea como tormenta tropical o hurac\u00e1n.<br><br>\u201cDel total de ciclones que se prev\u00e9 se pudieran formar en el Pac\u00edfico y en el Atl\u00e1ntico, se estima que alrededor de 5 podr\u00edan impactar al territorio nacional\u201d.<br><br>Conagua<br>El primer cicl\u00f3n de la temporada de lluvias 2022 se formar\u00eda, en Atl\u00e1ntico, espec\u00edficamente en el Caribe mexicano, el pr\u00f3ximo fin de semana. Lo nombrar\u00e1n Alex. As\u00ed te lo informamos, d\u00edas atr\u00e1s:<br><br><br><br>\u00bfD\u00f3nde se formar\u00edan los ciclones tropicales de la temporada de lluvias y huracanes 2022?<br>Explic\u00f3 que se pronostican, en esta temporada de lluvias 2022, entre 14 y 19 de estos fen\u00f3menos en el oc\u00e9ano Pac\u00edfico y entre 16 y 21, en el Atl\u00e1ntico:<br><br><br>Oc\u00e9ano Pac\u00edfico: entre 14 y 19 fen\u00f3menos<br>Oc\u00e9ano Atl\u00e1ntico: entre 16 y 21 fen\u00f3menos<br>\u00bfCu\u00e1ntos ciclones tropicales en el Pac\u00edfico se convertir\u00edan en tormentas tropicales y huracanes?<br>El Sistema Meteorol\u00f3gico Nacional detall\u00f3 que, de los ciclones previstos en el Pac\u00edfico, entre 8 y 10 podr\u00edan llegar a tormenta tropical; 4 o 5, a hurac\u00e1n categor\u00edas 1 o 2 en la escala Saffir-Simpson y entre 2 y 4 a huracanes 3, 4 o 5.<br><br><br>Ciclones tropicales en el Pac\u00edfico, entre 14 y 19:<br><br>8 y 10: tormentas tropicales<br>4 o 5: huracanes categor\u00edas 1 o 2<br>2 y 4: huracanes categor\u00eda 3, 4 o 5<br>\u00bfC\u00f3mo se llamar\u00e1n los ciclones tropicales del Pac\u00edfico?<br>Los nombres que correspondientes a los ciclones tropicales que se formar\u00e1n en el Pac\u00edfico son Agatha, Blas, Celia, Darby, Estelle, Frank, Georgette, Howard, Ivette, Javier, Kay, Lester, Madeline, Newton, Orlene, Paine, Roslyn, Seymour, Tina, Virgil, Winifred, Xavier, Yolanda y Zeke.<br><br>\u00bfCu\u00e1ntos ciclones tropicales en el Atl\u00e1ntico se convertir\u00edan en tormentas tropicales y huracanes?<br>Para el Atl\u00e1ntico, se prev\u00e9 que, del total estimado, entre 16 y 21, de 10 a 11 ciclones podr\u00edan llegar a tormentas, de 4 a 6 a huracanes categor\u00edas 1 y 2, y de 2 a 4 a niveles 3, 4 o 5.<br><br>Ciclones tropicales en el Atl\u00e1ntico, entre 16 y 21:<br><br>10 a 11: tormentas tropicales<br>4 a 6: huracanes categor\u00edas 1 y 2<br>2 a 4: huracanes categor\u00eda 3, 4, y 5<br>\u00bfC\u00f3mo se llamar\u00e1n los ciclones tropicales del Atl\u00e1ntico?<br>Los nombres designados para los fen\u00f3menos que se formen en el Atl\u00e1ntico son Alex, Bonnie, Colin, Danielle, Earl, Fiona, Gaston, Hermine, Ian, Julia, Karl, Lisa, Mart\u00edn, Nicole, Owen, Paula, Richard, Shary, Tobias, Virginie y Walter.<br><br>As\u00ed se preparan para la temporada de lluvias 2022<br>La Conagua asever\u00f3 que, para la temporada de lluvias 2022, los pron\u00f3sticos meteorol\u00f3gicos y reportes de niveles del agua en cauces y presas apoyan en la toma de decisiones, ya sea para operar la infraestructura o implementar tareas de previsi\u00f3n y protecci\u00f3n a la poblaci\u00f3n que pudieran ser afectada por fen\u00f3menos meteorol\u00f3gicos.<br><br>Por su parte, la Coordinaci\u00f3n Nacional de Protecci\u00f3n Civil inform\u00f3 que ya se realizan acciones de prevenci\u00f3n y preparaci\u00f3n ante el impacto de los fen\u00f3menos hidrometeorol\u00f3gicos, entre las que destaca la participaci\u00f3n de la Marina y Guardia Nacional a trav\u00e9s de los planes DNIII-E y plan Marina.<br><br><br><br><br>INF. DE REDACCI\u00d3N\/UNOTV&#8230;.<br><br><br><br><br><br><br><br><br><br><br><br><br><br><br><br><br><br><br><br><br><br><br><br><br><br><br><br><br><br><br><br><\/p>\n","protected":false},"excerpt":{"rendered":"<p>Se monitorean los fen\u00f3menos meteorol\u00f3gicos para proteger a la poblaci\u00f3n. REDACCI\u00d3N\/VOCESVER.COM\/NOTICIAS NACIONAL.- A 19 DE MAYO 2022.- DE ACUERDO CON<\/p>\n","protected":false},"author":2,"featured_media":35201,"comment_status":"open","ping_status":"open","sticky":false,"template":"","format":"standard","meta":{"colormag_page_container_layout":"default_layout","colormag_page_sidebar_layout":"default_layout","footnotes":""},"categories":[5],"tags":[],"class_list":["post-35194","post","type-post","status-publish","format-standard","has-post-thumbnail","hentry","category-nacional"],"_links":{"self":[{"href":"http:\/\/vocesver.com\/noticias\/wp-json\/wp\/v2\/posts\/35194","targetHints":{"allow":["GET"]}}],"collection":[{"href":"http:\/\/vocesver.com\/noticias\/wp-json\/wp\/v2\/posts"}],"about":[{"href":"http:\/\/vocesver.com\/noticias\/wp-json\/wp\/v2\/types\/post"}],"author":[{"embeddable":true,"href":"http:\/\/vocesver.com\/noticias\/wp-json\/wp\/v2\/users\/2"}],"replies":[{"embeddable":true,"href":"http:\/\/vocesver.com\/noticias\/wp-json\/wp\/v2\/comments?post=35194"}],"version-history":[{"count":2,"href":"http:\/\/vocesver.com\/noticias\/wp-json\/wp\/v2\/posts\/35194\/revisions"}],"predecessor-version":[{"id":35200,"href":"http:\/\/vocesver.com\/noticias\/wp-json\/wp\/v2\/posts\/35194\/revisions\/35200"}],"wp:featuredmedia":[{"embeddable":true,"href":"http:\/\/vocesver.com\/noticias\/wp-json\/wp\/v2\/media\/35201"}],"wp:attachment":[{"href":"http:\/\/vocesver.com\/noticias\/wp-json\/wp\/v2\/media?parent=35194"}],"wp:term":[{"taxonomy":"category","embeddable":true,"href":"http:\/\/vocesver.com\/noticias\/wp-json\/wp\/v2\/categories?post=35194"},{"taxonomy":"post_tag","embeddable":true,"href":"http:\/\/vocesver.com\/noticias\/wp-json\/wp\/v2\/tags?post=35194"}],"curies":[{"name":"wp","href":"https:\/\/api.w.org\/{rel}","templated":true}]}}