{"id":35190,"date":"2022-05-19T21:38:54","date_gmt":"2022-05-19T21:38:54","guid":{"rendered":"http:\/\/vocesver.com\/noticias\/?p=35190"},"modified":"2022-05-19T21:44:29","modified_gmt":"2022-05-19T21:44:29","slug":"ricardo-exsome-y-otros-empresarios-podran-el-ejemplo-en-el-rescate-del-entro-historico-de-veracruz","status":"publish","type":"post","link":"http:\/\/vocesver.com\/noticias\/ricardo-exsome-y-otros-empresarios-podran-el-ejemplo-en-el-rescate-del-entro-historico-de-veracruz\/","title":{"rendered":"RICARDO EXSOME Y OTROS EMPRESARIOS PODR\u00c1N EL EJEMPLO EN EL RESCATE DEL  ENTRO HIST\u00d3RICO DE VERACRUZ."},"content":{"rendered":"\n<p>\u00b0Proyectan el rescate de tres edificios de su propiedad que est\u00e1n en ruinas.<br>\u00b0El rescate ser\u00e1 de manera conciliada con el INAH.<br>AUSENCIO RIVERA\/VOCESVER.COM\/NOTICIAS<br>Veracruz,Ver.- a 19 de Mayo 2022.- Preocupados por la mala imagen que acusa al Centro Hist\u00f3rico de Veracruz por tanto edificio ruinoso, un grupo de empresarios del ramo de la construcci\u00f3n encabezados por Ricardo Exsome Zapata iniciar\u00e1n el rescate de algunas propiedades de ellos para reacondiconarlas y poner el ejemplo para que otros propietarios tambi\u00e9n hagan lo mismo.<br>En entrevista Exsome Zapata a\u00f1adi\u00f3 vamos a poner el ejemplo de lo que deber\u00eda de ser el Centro Hist\u00f3rico de Veracruz.<br>Entrevistado al reunirse con otros constructores agreg\u00f3:eso es lo que estamos viendo ahorita.<br>Reconoci\u00f3 que los edificios que ellos contemplan rescatar son edificios ruinosos al tiempo que dijo que estos trabajos se har\u00e1n de manera conciliada con el INAH.<br>Explic\u00f3 que hay mucha gente que habla mal del INAH y tienen mucha raz\u00f3n, son muy estrictos. Donde hay un marco legal, uno tiene que sujetarse a lo que hay en el marco legal y nosotros antes de hacer cualquier cosa, pedimos que esa dependencia interveniera y \u201cnos mandaron gente que nos dijo que si podemos hacer y que no  podemos hacer\u201d. En eso estamos tratando de adecuar lo que queremos en estos edificios con el que podemos, subray\u00f3. <br>Dijo que de entrada se contempla el rescate de por lo menos 3 edificios en donde est\u00e1n ellos involucrados.<br>Se\u00f1al\u00f3 que dos edificios pertenecen a su empresa y uno m\u00e1s pertenece a otra persona que participa en este rescate. <br>Destac\u00f3 que estos edificios se van rehabilitar y una parte se va hacer p\u00fablica para la promoci\u00f3n de las artes y la difusi\u00f3n de la cultura. <br>La inversi\u00f3n todav\u00eda se sigue evaluando para este proyecto, al tiempo que dijo que mucho tienen que hacer el Gobierno en apoyo al Centro Hist\u00f3rico y arreglar algunas vialidades .<br>Rechaz\u00f3 que en estos edificios se vayan a instalar tiendas de conveniencia y remach\u00f3 que se usar\u00e1n para el \u00e1mbito cultural, alguna cafeter\u00eda y otros conceptos.<br>Finalmente dijo que algunos edificios viejos se pueden aprovechar para alg\u00fan proyecto tur\u00edstico.<br><br><br><br><br><br><br><br><br><br><br><br><br><br><br><br><br><br><br><br><br><br><br><br><br><br><br><br><br><br><br><br><\/p>\n","protected":false},"excerpt":{"rendered":"<p>\u00b0Proyectan el rescate de tres edificios de su propiedad que est\u00e1n en ruinas.\u00b0El rescate ser\u00e1 de manera conciliada con el<\/p>\n","protected":false},"author":2,"featured_media":35196,"comment_status":"open","ping_status":"open","sticky":false,"template":"","format":"standard","meta":{"colormag_page_container_layout":"default_layout","colormag_page_sidebar_layout":"default_layout","footnotes":""},"categories":[2],"tags":[],"class_list":["post-35190","post","type-post","status-publish","format-standard","has-post-thumbnail","hentry","category-infogral"],"_links":{"self":[{"href":"http:\/\/vocesver.com\/noticias\/wp-json\/wp\/v2\/posts\/35190","targetHints":{"allow":["GET"]}}],"collection":[{"href":"http:\/\/vocesver.com\/noticias\/wp-json\/wp\/v2\/posts"}],"about":[{"href":"http:\/\/vocesver.com\/noticias\/wp-json\/wp\/v2\/types\/post"}],"author":[{"embeddable":true,"href":"http:\/\/vocesver.com\/noticias\/wp-json\/wp\/v2\/users\/2"}],"replies":[{"embeddable":true,"href":"http:\/\/vocesver.com\/noticias\/wp-json\/wp\/v2\/comments?post=35190"}],"version-history":[{"count":3,"href":"http:\/\/vocesver.com\/noticias\/wp-json\/wp\/v2\/posts\/35190\/revisions"}],"predecessor-version":[{"id":35197,"href":"http:\/\/vocesver.com\/noticias\/wp-json\/wp\/v2\/posts\/35190\/revisions\/35197"}],"wp:featuredmedia":[{"embeddable":true,"href":"http:\/\/vocesver.com\/noticias\/wp-json\/wp\/v2\/media\/35196"}],"wp:attachment":[{"href":"http:\/\/vocesver.com\/noticias\/wp-json\/wp\/v2\/media?parent=35190"}],"wp:term":[{"taxonomy":"category","embeddable":true,"href":"http:\/\/vocesver.com\/noticias\/wp-json\/wp\/v2\/categories?post=35190"},{"taxonomy":"post_tag","embeddable":true,"href":"http:\/\/vocesver.com\/noticias\/wp-json\/wp\/v2\/tags?post=35190"}],"curies":[{"name":"wp","href":"https:\/\/api.w.org\/{rel}","templated":true}]}}