{"id":35141,"date":"2022-05-17T20:36:45","date_gmt":"2022-05-17T20:36:45","guid":{"rendered":"http:\/\/vocesver.com\/noticias\/?p=35141"},"modified":"2022-05-17T20:40:42","modified_gmt":"2022-05-17T20:40:42","slug":"hay-que-tender-puentes-con-el-gobierno-federal-para-construir-ciudadania-anilu-ingram","status":"publish","type":"post","link":"http:\/\/vocesver.com\/noticias\/hay-que-tender-puentes-con-el-gobierno-federal-para-construir-ciudadania-anilu-ingram\/","title":{"rendered":"Hay que tender puentes con el Gobierno Federal para construir ciudadan\u00eda: Anil\u00fa Ingram"},"content":{"rendered":"\n<p><br><br>\u2022 Se re\u00fane con Subsecretario de Desarrollo Democr\u00e1tico, Participaci\u00f3n Social y Asuntos Religiosos de la SEGOB<br><br><br>AUSENCIO RIVERA\/VOCESVER.COM\/NOTICIAS<br><br><br>Ciudad de M\u00e9xico a 17 de mayo de 2022.- La coordinadora del Grupo Legislativo del PRI en el Congreso Local, Anil\u00fa Ingram Vallines, se reuni\u00f3n este martes con el subsecretario de Desarrollo Democr\u00e1tico, Participaci\u00f3n Social y Asuntos Religiosos de la Secretar\u00eda de Gobernaci\u00f3n (Segob), Rabindranath Salazar Solorio.<br>Durante dicho encuentro, celebrado en las instalaciones de la SEGOB, la Diputada Local reiter\u00f3 que para encontrar soluciones a los problemas de Veracruz y del pa\u00eds se necesita la voluntad y el trabajo de todas y todos, sin importar partidos pol\u00edticos e ideolog\u00edas.<br>\u201cEs necesario tender puentes con el Gobierno Federal en materia de participaci\u00f3n y construcci\u00f3n de la ciudadan\u00eda; as\u00ed como  de fomento c\u00edvico, para poder atender los desaf\u00edos que se presentan en nuestro estado\u201d, consider\u00f3.<br><br><br><br><br><br><br><br><br><br><br><br><br><br><br><br><br><br><br><br><br><br><br><br><br><br><br><br><br><br><br><br><br><br><br><\/p>\n","protected":false},"excerpt":{"rendered":"<p>\u2022 Se re\u00fane con Subsecretario de Desarrollo Democr\u00e1tico, Participaci\u00f3n Social y Asuntos Religiosos de la SEGOB AUSENCIO RIVERA\/VOCESVER.COM\/NOTICIAS Ciudad de<\/p>\n","protected":false},"author":2,"featured_media":35148,"comment_status":"open","ping_status":"open","sticky":false,"template":"","format":"standard","meta":{"colormag_page_container_layout":"default_layout","colormag_page_sidebar_layout":"default_layout","footnotes":""},"categories":[5],"tags":[],"class_list":["post-35141","post","type-post","status-publish","format-standard","has-post-thumbnail","hentry","category-nacional"],"_links":{"self":[{"href":"http:\/\/vocesver.com\/noticias\/wp-json\/wp\/v2\/posts\/35141","targetHints":{"allow":["GET"]}}],"collection":[{"href":"http:\/\/vocesver.com\/noticias\/wp-json\/wp\/v2\/posts"}],"about":[{"href":"http:\/\/vocesver.com\/noticias\/wp-json\/wp\/v2\/types\/post"}],"author":[{"embeddable":true,"href":"http:\/\/vocesver.com\/noticias\/wp-json\/wp\/v2\/users\/2"}],"replies":[{"embeddable":true,"href":"http:\/\/vocesver.com\/noticias\/wp-json\/wp\/v2\/comments?post=35141"}],"version-history":[{"count":2,"href":"http:\/\/vocesver.com\/noticias\/wp-json\/wp\/v2\/posts\/35141\/revisions"}],"predecessor-version":[{"id":35146,"href":"http:\/\/vocesver.com\/noticias\/wp-json\/wp\/v2\/posts\/35141\/revisions\/35146"}],"wp:featuredmedia":[{"embeddable":true,"href":"http:\/\/vocesver.com\/noticias\/wp-json\/wp\/v2\/media\/35148"}],"wp:attachment":[{"href":"http:\/\/vocesver.com\/noticias\/wp-json\/wp\/v2\/media?parent=35141"}],"wp:term":[{"taxonomy":"category","embeddable":true,"href":"http:\/\/vocesver.com\/noticias\/wp-json\/wp\/v2\/categories?post=35141"},{"taxonomy":"post_tag","embeddable":true,"href":"http:\/\/vocesver.com\/noticias\/wp-json\/wp\/v2\/tags?post=35141"}],"curies":[{"name":"wp","href":"https:\/\/api.w.org\/{rel}","templated":true}]}}