{"id":35129,"date":"2022-05-16T21:41:48","date_gmt":"2022-05-16T21:41:48","guid":{"rendered":"http:\/\/vocesver.com\/noticias\/?p=35129"},"modified":"2022-05-16T21:46:22","modified_gmt":"2022-05-16T21:46:22","slug":"no-vamos-a-estar-bolseando-a-la-gente-amlo-revisara-norma-de-revision-vehicular","status":"publish","type":"post","link":"http:\/\/vocesver.com\/noticias\/no-vamos-a-estar-bolseando-a-la-gente-amlo-revisara-norma-de-revision-vehicular\/","title":{"rendered":"\u201cNo vamos a estar bolseando a la gente\u201d: AMLO; revisar\u00e1 norma de revisi\u00f3n vehicular"},"content":{"rendered":"\n<p><br><br><br>La norma fue publicada en el Diario Oficial de la Federaci\u00f3n. Foto: Cuartoscuro<br><br><br><br><br>REDACCI\u00d3N\/VOCESVER.COM\/NOTICIAS<br><br><br>NACIONAL.- A 16 DE MAYO 2022.- DE ACUERDO CON INFORMACI\u00d3N DE REDACCI\u00d3N\/AGENCIAS .- El presidente Andr\u00e9s Manuel L\u00f3pez Obrador se comprometi\u00f3 a revisar la entrada en vigor de la NOM-236-SE-2021, la cual est\u00e1 enfocada en una nueva revisi\u00f3n vehicular, independiente a la verificaci\u00f3n vehicular, sobre las condiciones f\u00edsico-mec\u00e1nicas.<br><br>Durante su conferencia de prensa matutina, el mandatario federal indic\u00f3 que no ten\u00eda conocimiento de dicha norma llamada \u201cCondiciones f\u00edsico-mec\u00e1nicas de los veh\u00edculos con peso bruto vehicular que no exceda 3,857 kg\u201d.<br><br>\u201cSe va a revisar, no vamos a estar bolseando a la gente y esa era la mentalidad y no se ha erradicado, pero son procesos de cambio, de transici\u00f3n\u201d.<br><br>Andr\u00e9s Manuel L\u00f3pez Obrador, presidente de M\u00e9xico<br>\u201cHay decisiones que toman las Secretar\u00edas y no se consultan. Ahora estamos procurando que todo lo que perjudique la econom\u00eda popular, se consulte\u201d, indic\u00f3 el presidente L\u00f3pez Obrador.<br><br><br>La norma fue publicada en el Diario Oficial de la Federaci\u00f3n (DOF) y su entrada en vigor ser\u00e1 en el mes de noviembre de 2022.<br><br><br>\u00bfEn qu\u00e9 consiste la nueva revisi\u00f3n vehicular?<br>De acuerdo con lo publicado en el Diario Oficial de la Federaci\u00f3n, los autom\u00f3viles que tendr\u00e1n que someterse a estas condiciones son aquellos que no superen las 3.8 toneladas, donde se incluye los veh\u00edculos nuevos, y que no tienen m\u00e1s de mil kil\u00f3metros recorridos.<br><br><br>La nueva norma de verificaci\u00f3n vehicular se\u00f1ala que se tomar\u00e1n diferentes elementos como: parabrisas, ventanas, cofres, puertas, chasis, carrocer\u00eda, espejos, asientos, cinturones de seguridad, luces, faros, entre otros.<br><br>\u00bfQui\u00e9nes estar\u00e1n obligados?<br>Los veh\u00edculos, que cuenten con los siguientes elementos, se someter\u00e1n a inspecci\u00f3n t\u00e9cnica:<br><br>Veh\u00edculos de transporte particular: cuatro a\u00f1os posteriores a la fecha de su comercializaci\u00f3n como veh\u00edculo nuevo, y a partir de entonces, cada dos a\u00f1os hasta el noveno a\u00f1o<br>Veh\u00edculos de transporte particular de 10 o m\u00e1s a\u00f1os posteriores a la fecha de su comercializaci\u00f3n como veh\u00edculo nuevo: cada a\u00f1o<br>Veh\u00edculos de uso intensivo: un a\u00f1o despu\u00e9s de la fecha de su comercializaci\u00f3n como veh\u00edculo nuevo; y a partir de entonces, cada a\u00f1o<br>\u00bfCu\u00e1les autos quedan excluidos?<br>De acuerdo con el DOF, quedar\u00e1n excluidos aquellos veh\u00edculos con un peso bruto vehicular de dise\u00f1o menor a 400 kg, a los empleados en labores agr\u00edcolas, a los autom\u00f3viles orientados para utilizarse en terreno monta\u00f1oso o des\u00e9rtico, as\u00ed como en zonas de playas y v\u00edas f\u00e9rreas.<br><br><br>Quedan excluidos tambi\u00e9n los veh\u00edculos matriculados como autos antiguos, los veh\u00edculos asociados a maquinaria dedicada para las industrias de la construcci\u00f3n y la miner\u00eda.<br><br>Otros veh\u00edculos excluidos son aquellos destinados exclusivamente a circular en v\u00edas confinadas como pistas de carreras, aeropuertos, pistas de go-karts, u otro campo de transporte similar.<br><br>As\u00ed te informamos sobre la nueva inspecci\u00f3n vehicular:<br><br><br><br>INF.DE REDACCI\u00d3N\/AGENCIAS<br><br><br><br><br><br><br><br><br><br><br><br><br><br><br><br><br><br><br><br><br><br><br><br><br><br><br><br><br><br><\/p>\n","protected":false},"excerpt":{"rendered":"<p>La norma fue publicada en el Diario Oficial de la Federaci\u00f3n. Foto: Cuartoscuro REDACCI\u00d3N\/VOCESVER.COM\/NOTICIAS NACIONAL.- A 16 DE MAYO 2022.-<\/p>\n","protected":false},"author":2,"featured_media":35134,"comment_status":"open","ping_status":"open","sticky":false,"template":"","format":"standard","meta":{"colormag_page_container_layout":"default_layout","colormag_page_sidebar_layout":"default_layout","footnotes":""},"categories":[5],"tags":[],"class_list":["post-35129","post","type-post","status-publish","format-standard","has-post-thumbnail","hentry","category-nacional"],"_links":{"self":[{"href":"http:\/\/vocesver.com\/noticias\/wp-json\/wp\/v2\/posts\/35129","targetHints":{"allow":["GET"]}}],"collection":[{"href":"http:\/\/vocesver.com\/noticias\/wp-json\/wp\/v2\/posts"}],"about":[{"href":"http:\/\/vocesver.com\/noticias\/wp-json\/wp\/v2\/types\/post"}],"author":[{"embeddable":true,"href":"http:\/\/vocesver.com\/noticias\/wp-json\/wp\/v2\/users\/2"}],"replies":[{"embeddable":true,"href":"http:\/\/vocesver.com\/noticias\/wp-json\/wp\/v2\/comments?post=35129"}],"version-history":[{"count":2,"href":"http:\/\/vocesver.com\/noticias\/wp-json\/wp\/v2\/posts\/35129\/revisions"}],"predecessor-version":[{"id":35135,"href":"http:\/\/vocesver.com\/noticias\/wp-json\/wp\/v2\/posts\/35129\/revisions\/35135"}],"wp:featuredmedia":[{"embeddable":true,"href":"http:\/\/vocesver.com\/noticias\/wp-json\/wp\/v2\/media\/35134"}],"wp:attachment":[{"href":"http:\/\/vocesver.com\/noticias\/wp-json\/wp\/v2\/media?parent=35129"}],"wp:term":[{"taxonomy":"category","embeddable":true,"href":"http:\/\/vocesver.com\/noticias\/wp-json\/wp\/v2\/categories?post=35129"},{"taxonomy":"post_tag","embeddable":true,"href":"http:\/\/vocesver.com\/noticias\/wp-json\/wp\/v2\/tags?post=35129"}],"curies":[{"name":"wp","href":"https:\/\/api.w.org\/{rel}","templated":true}]}}