{"id":35114,"date":"2022-05-16T21:08:53","date_gmt":"2022-05-16T21:08:53","guid":{"rendered":"http:\/\/vocesver.com\/noticias\/?p=35114"},"modified":"2022-05-16T21:16:46","modified_gmt":"2022-05-16T21:16:46","slug":"denuncia-de-tomas-mundo-contra-presidenta-del-tribunal-superior-de-justicia-es-a-titulo-personalfarias-morales","status":"publish","type":"post","link":"http:\/\/vocesver.com\/noticias\/denuncia-de-tomas-mundo-contra-presidenta-del-tribunal-superior-de-justicia-es-a-titulo-personalfarias-morales\/","title":{"rendered":"DENUNCIA DE TOMAS MUNDO CONTRA  PRESIDENTA  DEL TRIBUNAL SUPERIOR DE JUSTICIA ES A T\u00cdTULO PERSONAL:FAR\u00cdAS MORALES"},"content":{"rendered":"\n<p>\u00b0CNAP se deslinda totalmente de ella, al tiempo que su presidente se manifest\u00f3 <br>respetuoso de la libertad de expresi\u00f3n de cada uno de sus miembros.<br>AUSENCIO RIVERA\/VOCESVER.COM\/NOTICIAS<br>Veracruz,ver.-  A 16 de Mayo 2022.- Ele Colegio Nacional de Abogados Penalistas A.C. que presidente el Dr. Gilberto Far\u00edas Morales mediante un comunicado se\u00f1ala que en los diversos medios de comunicaci\u00f3n y redes sociales se ha dado a conocer a la opini\u00f3n p\u00fablica que el Abogado Tom\u00e1s Mundo Arriasa, ha presentado denuncia de hechos con apariencia de delitos en contra de la Magistrada Isabel In\u00e9s Romero Cruz, Presidenta del Tribunal  Superior de Justicia y del Consejo de la Judicatura del Estado de Veracruz de Ignacio de la Llave.<br>Destac\u00f3 que el Colegio Nacional de Abogados Penalistas A.C.ha sido,es y ser\u00e1 respetuoso de la libertad de expresi\u00f3n, de pensamiento,de creencias religiosas y pol\u00edticas de cada uno de sus miembros.<br>Subrray\u00f3 que en cuanto a estos hechos,las expresionesy acciones legales  del Doctor Tom\u00e1s Mudo Arriasa son a t\u00edtulo personal y como abogado postulante. <br>Por lo que, se\u00f1ala el reconocido jurista veracruzano que el Colegio Nacional de Abogados Penalista  A.C,como tal, se deslinda totalmente de ellas<br><br>El comunicado concluye: Ciudad de M\u00e9xico ,16 de mayo2022.<br>Mtro. Gilberto Far\u00edas Morales. Presidente.<br><br><br><br><br><br><br><br><br><br><br><br><br><br><br><br><br><br><br><br><br><br><br><br><br><br><br><br><br><br><\/p>\n","protected":false},"excerpt":{"rendered":"<p>\u00b0CNAP se deslinda totalmente de ella, al tiempo que su presidente se manifest\u00f3 respetuoso de la libertad de expresi\u00f3n de<\/p>\n","protected":false},"author":2,"featured_media":35121,"comment_status":"open","ping_status":"open","sticky":false,"template":"","format":"standard","meta":{"colormag_page_container_layout":"default_layout","colormag_page_sidebar_layout":"default_layout","footnotes":""},"categories":[2],"tags":[],"class_list":["post-35114","post","type-post","status-publish","format-standard","has-post-thumbnail","hentry","category-infogral"],"_links":{"self":[{"href":"http:\/\/vocesver.com\/noticias\/wp-json\/wp\/v2\/posts\/35114","targetHints":{"allow":["GET"]}}],"collection":[{"href":"http:\/\/vocesver.com\/noticias\/wp-json\/wp\/v2\/posts"}],"about":[{"href":"http:\/\/vocesver.com\/noticias\/wp-json\/wp\/v2\/types\/post"}],"author":[{"embeddable":true,"href":"http:\/\/vocesver.com\/noticias\/wp-json\/wp\/v2\/users\/2"}],"replies":[{"embeddable":true,"href":"http:\/\/vocesver.com\/noticias\/wp-json\/wp\/v2\/comments?post=35114"}],"version-history":[{"count":3,"href":"http:\/\/vocesver.com\/noticias\/wp-json\/wp\/v2\/posts\/35114\/revisions"}],"predecessor-version":[{"id":35123,"href":"http:\/\/vocesver.com\/noticias\/wp-json\/wp\/v2\/posts\/35114\/revisions\/35123"}],"wp:featuredmedia":[{"embeddable":true,"href":"http:\/\/vocesver.com\/noticias\/wp-json\/wp\/v2\/media\/35121"}],"wp:attachment":[{"href":"http:\/\/vocesver.com\/noticias\/wp-json\/wp\/v2\/media?parent=35114"}],"wp:term":[{"taxonomy":"category","embeddable":true,"href":"http:\/\/vocesver.com\/noticias\/wp-json\/wp\/v2\/categories?post=35114"},{"taxonomy":"post_tag","embeddable":true,"href":"http:\/\/vocesver.com\/noticias\/wp-json\/wp\/v2\/tags?post=35114"}],"curies":[{"name":"wp","href":"https:\/\/api.w.org\/{rel}","templated":true}]}}