{"id":35106,"date":"2022-05-16T20:40:49","date_gmt":"2022-05-16T20:40:49","guid":{"rendered":"http:\/\/vocesver.com\/noticias\/?p=35106"},"modified":"2022-05-16T20:44:08","modified_gmt":"2022-05-16T20:44:08","slug":"el-prd-a-paso-firme-en-la-ruta-del-2024-y-2025-el-prd-no-se-doblega-sergio-cadena","status":"publish","type":"post","link":"http:\/\/vocesver.com\/noticias\/el-prd-a-paso-firme-en-la-ruta-del-2024-y-2025-el-prd-no-se-doblega-sergio-cadena\/","title":{"rendered":"El PRD a paso firme en la ruta del 2024 y 2025, \u00a1El PRD no se doblega!: Sergio Cadena"},"content":{"rendered":"\n<p><br><br>-Toma protesta a delegados distritales de Minatitl\u00e1n, Coatzacoalcos 1 y 2, y Cosoleacaque<br><br>REDACCI\u00d3N\/VOCESVER.COM\/NOTICIAS<br><br>Mecayapan, Ver., a 16 de mayo de 2022.- Sergio Cadena Mart\u00ednez, presidente de la Direcci\u00f3n Ejecutiva Estatal del PRD en Veracruz, tom\u00f3 protesta a los delegados distritales de Minatitl\u00e1n, Coatzacoalcos 1 y 2, y Cosoleacaque, durante su gira laboral en el sur de la entidad, este fin de semana.<br><br>Entre regocijo y cientos de perredistas, Cadena Mart\u00ednez realiz\u00f3 una gira por el sur del Estado, donde refrend\u00f3 su compromiso no solo con la militancia perredista, sino tambi\u00e9n con el pueblo veracruzano a quien dijo se debe rescatar del gobierno depredador encabezado por Morena.<br><br>Explic\u00f3 que uno de los primeros pasos en la ruta del 2024 y luego del 2025, se est\u00e1n nombrando en cada cabecera distrital local a un representante de la Direcci\u00f3n Estatal para que hablen con los liderazgos y se pueda empezar a realizar un trabajo territorial. Jonathan Hern\u00e1ndez Cervantes rindi\u00f3 protesta en Minatitl\u00e1n; Roberto Garc\u00eda Alonso en Coatzacoalcos 1 y 2; y Abelardo Alto Ventura, como delegado distrital de Cosoleacaque.<br><br>Sergio Cadena se dijo orgulloso de ver la actual participaci\u00f3n de j\u00f3venes en el Sol Azteca y los exhort\u00f3 a seguir trabajando para recuperar al pa\u00eds de las manos de los corruptos y destructores que gobiernan bajo el falso lema de la \u00abtransformaci\u00f3n\u00bb.<br><br>\u00ab\u00a1El PRD no se doblega, al PRD no le tiembla la voz, el PRD va a salir a las calles, en el PRD caminaremos con paso firme, M\u00e9xico requiere y necesita de un cambio y una verdadera transformaci\u00f3n, M\u00e9xico y Veracruz nos necesita a todas y a todos!\u00bb.<br><br>\u00a1Democracia ya, patria para todos!<br><br><br><br><br><br><br><br><br><br><br><br><br><br><br><br><br><br><br><br><br><br><br><br><br><br><\/p>\n","protected":false},"excerpt":{"rendered":"<p>-Toma protesta a delegados distritales de Minatitl\u00e1n, Coatzacoalcos 1 y 2, y Cosoleacaque REDACCI\u00d3N\/VOCESVER.COM\/NOTICIAS Mecayapan, Ver., a 16 de mayo<\/p>\n","protected":false},"author":2,"featured_media":35117,"comment_status":"open","ping_status":"open","sticky":false,"template":"","format":"standard","meta":{"colormag_page_container_layout":"default_layout","colormag_page_sidebar_layout":"default_layout","footnotes":""},"categories":[4],"tags":[],"class_list":["post-35106","post","type-post","status-publish","format-standard","has-post-thumbnail","hentry","category-estatal"],"_links":{"self":[{"href":"http:\/\/vocesver.com\/noticias\/wp-json\/wp\/v2\/posts\/35106","targetHints":{"allow":["GET"]}}],"collection":[{"href":"http:\/\/vocesver.com\/noticias\/wp-json\/wp\/v2\/posts"}],"about":[{"href":"http:\/\/vocesver.com\/noticias\/wp-json\/wp\/v2\/types\/post"}],"author":[{"embeddable":true,"href":"http:\/\/vocesver.com\/noticias\/wp-json\/wp\/v2\/users\/2"}],"replies":[{"embeddable":true,"href":"http:\/\/vocesver.com\/noticias\/wp-json\/wp\/v2\/comments?post=35106"}],"version-history":[{"count":2,"href":"http:\/\/vocesver.com\/noticias\/wp-json\/wp\/v2\/posts\/35106\/revisions"}],"predecessor-version":[{"id":35115,"href":"http:\/\/vocesver.com\/noticias\/wp-json\/wp\/v2\/posts\/35106\/revisions\/35115"}],"wp:featuredmedia":[{"embeddable":true,"href":"http:\/\/vocesver.com\/noticias\/wp-json\/wp\/v2\/media\/35117"}],"wp:attachment":[{"href":"http:\/\/vocesver.com\/noticias\/wp-json\/wp\/v2\/media?parent=35106"}],"wp:term":[{"taxonomy":"category","embeddable":true,"href":"http:\/\/vocesver.com\/noticias\/wp-json\/wp\/v2\/categories?post=35106"},{"taxonomy":"post_tag","embeddable":true,"href":"http:\/\/vocesver.com\/noticias\/wp-json\/wp\/v2\/tags?post=35106"}],"curies":[{"name":"wp","href":"https:\/\/api.w.org\/{rel}","templated":true}]}}