{"id":35046,"date":"2022-05-12T20:33:34","date_gmt":"2022-05-12T20:33:34","guid":{"rendered":"http:\/\/vocesver.com\/noticias\/?p=35046"},"modified":"2022-05-12T20:37:05","modified_gmt":"2022-05-12T20:37:05","slug":"esperamos-una-gran-participacion-nos-vemos-en-el-torneo-del-sabalo-edith-reyes-simon","status":"publish","type":"post","link":"http:\/\/vocesver.com\/noticias\/esperamos-una-gran-participacion-nos-vemos-en-el-torneo-del-sabalo-edith-reyes-simon\/","title":{"rendered":"Esperamos una gran participaci\u00f3n, nos vemos en el Torneo del S\u00e1balo: Edith Reyes Sim\u00f3n*"},"content":{"rendered":"\n<p>*Honrada y muy contenta, revela la se\u00f1ora Reyes Sim\u00f3n, pues la edici\u00f3n #57 del certamen ser\u00e1 en su honor<br>*A las mujeres es digo, \u201cla pesca no es una actividad exclusiva de los hombres, tambi\u00e9n nosotras podemos hacerlo\u201d.<br><br><br>REDACCI\u00d3N\/VOCESVER.COM\/NOTICIAS<br><br>(Veracruz, Ver., a 12 de mayo de 2022).- La edici\u00f3n #57 del Torneo Internacional del S\u00e1balo de Plata Mercury 2022 a celebrarse del 26 al 28 de mayo, ser\u00e1 en honor a la se\u00f1ora Edith Reyes Sim\u00f3n.<br>La se\u00f1ora Edith Reyes Sim\u00f3n es promotora de la actividad acu\u00e1tica, empresaria veracruzana que asiduamente participa en los eventos del Club de Yates Veracruz y Marina Veramar.<br>\u201cMe siento sumamente honrada y muy contenta con esta distinci\u00f3n, sinceramente no lo esperaba y ha sido una grata sorpresa; quiero agradecer al Club de Yates y en especial a Ricardo Diez Deschamps y a Gregorio Chedraui por pensar en m\u00ed, para esta edici\u00f3n del torneo.<br>Mi afici\u00f3n por la pesca deportiva comienza hace varios a\u00f1os, cuando acompa\u00f1aba a mi esposo a los torneos; posteriormente particip\u00e9 como competidora directamente y trato de hacerlo cada vez que me es posible, ahora lo hago en compa\u00f1\u00eda de F\u00e9lix mi hijo. Considero que es una actividad muy emocionante y divertida; propicia la uni\u00f3n entre las familias y amigos; adem\u00e1s de que nos permite disfriutar la naturaleza.<br>Estar\u00e9 participando en este torneo, y aprovech\u00f3 para invitar a que se inscriban las personas que me escuchan y que disfrutan de este deporte. A las generaciones m\u00e1s j\u00f3venes les digo que la pesca deportiva es muy sana y divertida, con el apoyo de sus padres, busquen acercamiento con los clubes para informarse acerca de c\u00f3mo pueden iniciar esta actividad.<br>Agreg\u00f3.<br><br><br><br><br><br><br><br><br><br><br><br><br><br><br><br><br><br><br><br><br><br><br><br><br><br><br><br><br><br><br><br><br><br><br><br><br><br><\/p>\n","protected":false},"excerpt":{"rendered":"<p>*Honrada y muy contenta, revela la se\u00f1ora Reyes Sim\u00f3n, pues la edici\u00f3n #57 del certamen ser\u00e1 en su honor*A las<\/p>\n","protected":false},"author":2,"featured_media":35053,"comment_status":"open","ping_status":"open","sticky":false,"template":"","format":"standard","meta":{"colormag_page_container_layout":"default_layout","colormag_page_sidebar_layout":"default_layout","footnotes":""},"categories":[2],"tags":[],"class_list":["post-35046","post","type-post","status-publish","format-standard","has-post-thumbnail","hentry","category-infogral"],"_links":{"self":[{"href":"http:\/\/vocesver.com\/noticias\/wp-json\/wp\/v2\/posts\/35046","targetHints":{"allow":["GET"]}}],"collection":[{"href":"http:\/\/vocesver.com\/noticias\/wp-json\/wp\/v2\/posts"}],"about":[{"href":"http:\/\/vocesver.com\/noticias\/wp-json\/wp\/v2\/types\/post"}],"author":[{"embeddable":true,"href":"http:\/\/vocesver.com\/noticias\/wp-json\/wp\/v2\/users\/2"}],"replies":[{"embeddable":true,"href":"http:\/\/vocesver.com\/noticias\/wp-json\/wp\/v2\/comments?post=35046"}],"version-history":[{"count":3,"href":"http:\/\/vocesver.com\/noticias\/wp-json\/wp\/v2\/posts\/35046\/revisions"}],"predecessor-version":[{"id":35052,"href":"http:\/\/vocesver.com\/noticias\/wp-json\/wp\/v2\/posts\/35046\/revisions\/35052"}],"wp:featuredmedia":[{"embeddable":true,"href":"http:\/\/vocesver.com\/noticias\/wp-json\/wp\/v2\/media\/35053"}],"wp:attachment":[{"href":"http:\/\/vocesver.com\/noticias\/wp-json\/wp\/v2\/media?parent=35046"}],"wp:term":[{"taxonomy":"category","embeddable":true,"href":"http:\/\/vocesver.com\/noticias\/wp-json\/wp\/v2\/categories?post=35046"},{"taxonomy":"post_tag","embeddable":true,"href":"http:\/\/vocesver.com\/noticias\/wp-json\/wp\/v2\/tags?post=35046"}],"curies":[{"name":"wp","href":"https:\/\/api.w.org\/{rel}","templated":true}]}}