{"id":35042,"date":"2022-05-11T20:43:14","date_gmt":"2022-05-11T20:43:14","guid":{"rendered":"http:\/\/vocesver.com\/noticias\/?p=35042"},"modified":"2022-05-11T20:43:16","modified_gmt":"2022-05-11T20:43:16","slug":"pma-clausura-el-acuario-de-veracruz","status":"publish","type":"post","link":"http:\/\/vocesver.com\/noticias\/pma-clausura-el-acuario-de-veracruz\/","title":{"rendered":"PMA clausura el Acuario de Veracruz"},"content":{"rendered":"\n<p><br><br><br><br>REDACCI\u00d3N\/VOCESVER.COM\/NOTICIAS<br><br>Veracruz,Ver.- a  11 de Mayo 2022.-Este mi\u00e9rcoles personal de la Procuradur\u00eda de Medio Ambiente del Estado clausur\u00f3 el Acuario de Veracruz. Desde la ma\u00f1ana de este d\u00eda, la zona fue resguardada por personal de la polic\u00eda auxiliar.<br><br>Asimismo, arrib\u00f3 personal de la Procuradur\u00eda. Algunas personas que se dispon\u00edan a ingresar al Acuario, declararon que solo les informaron que el lugar hab\u00eda sido clausurado, sin dar m\u00e1s detalles.<br><br>Gaspar Monteagudo, jefe de Inspecci\u00f3n y Vigilancia de la Procuradur\u00eda Estatal del Medio Ambiente, dio a conocer que \u00abde inici\u00f3 se est\u00e1 llevando a cabo la inspecci\u00f3n\u00bb, y ser\u00e1 el Procurador quien informe al respecto.<br><br><br><br><br><br><br><br><br><br><br><br><br><br><br><br><br><br><br><br><br><br><br><br><br><br><br><br><br><br><br><\/p>\n","protected":false},"excerpt":{"rendered":"<p>REDACCI\u00d3N\/VOCESVER.COM\/NOTICIAS Veracruz,Ver.- a 11 de Mayo 2022.-Este mi\u00e9rcoles personal de la Procuradur\u00eda de Medio Ambiente del Estado clausur\u00f3 el Acuario<\/p>\n","protected":false},"author":2,"featured_media":35047,"comment_status":"open","ping_status":"open","sticky":false,"template":"","format":"standard","meta":{"colormag_page_container_layout":"default_layout","colormag_page_sidebar_layout":"default_layout","footnotes":""},"categories":[2],"tags":[],"class_list":["post-35042","post","type-post","status-publish","format-standard","has-post-thumbnail","hentry","category-infogral"],"_links":{"self":[{"href":"http:\/\/vocesver.com\/noticias\/wp-json\/wp\/v2\/posts\/35042","targetHints":{"allow":["GET"]}}],"collection":[{"href":"http:\/\/vocesver.com\/noticias\/wp-json\/wp\/v2\/posts"}],"about":[{"href":"http:\/\/vocesver.com\/noticias\/wp-json\/wp\/v2\/types\/post"}],"author":[{"embeddable":true,"href":"http:\/\/vocesver.com\/noticias\/wp-json\/wp\/v2\/users\/2"}],"replies":[{"embeddable":true,"href":"http:\/\/vocesver.com\/noticias\/wp-json\/wp\/v2\/comments?post=35042"}],"version-history":[{"count":2,"href":"http:\/\/vocesver.com\/noticias\/wp-json\/wp\/v2\/posts\/35042\/revisions"}],"predecessor-version":[{"id":35048,"href":"http:\/\/vocesver.com\/noticias\/wp-json\/wp\/v2\/posts\/35042\/revisions\/35048"}],"wp:featuredmedia":[{"embeddable":true,"href":"http:\/\/vocesver.com\/noticias\/wp-json\/wp\/v2\/media\/35047"}],"wp:attachment":[{"href":"http:\/\/vocesver.com\/noticias\/wp-json\/wp\/v2\/media?parent=35042"}],"wp:term":[{"taxonomy":"category","embeddable":true,"href":"http:\/\/vocesver.com\/noticias\/wp-json\/wp\/v2\/categories?post=35042"},{"taxonomy":"post_tag","embeddable":true,"href":"http:\/\/vocesver.com\/noticias\/wp-json\/wp\/v2\/tags?post=35042"}],"curies":[{"name":"wp","href":"https:\/\/api.w.org\/{rel}","templated":true}]}}