{"id":35027,"date":"2022-05-11T20:11:53","date_gmt":"2022-05-11T20:11:53","guid":{"rendered":"http:\/\/vocesver.com\/noticias\/?p=35027"},"modified":"2022-05-11T20:18:36","modified_gmt":"2022-05-11T20:18:36","slug":"la-contratacion-de-medicos-cubanos-es-un-engano-para-financiar-ese-regimen-julen-rementeria","status":"publish","type":"post","link":"http:\/\/vocesver.com\/noticias\/la-contratacion-de-medicos-cubanos-es-un-engano-para-financiar-ese-regimen-julen-rementeria\/","title":{"rendered":"*La contrataci\u00f3n de m\u00e9dicos cubanos es un enga\u00f1o para financiar ese r\u00e9gimen: Julen Rementer\u00eda*"},"content":{"rendered":"\n<p><br><br>***No es la primera vez que el Presidente da la espalda a la salud y a los m\u00e9dicos mexicanos, remarc\u00f3*<br><br>REDACCI\u00d3n7VOCESVER.COM\/NOTICIAS<br><br>*Ciudad de M\u00e9xico.-* En referencia al acuerdo que firm\u00f3 el Presidente de la Rep\u00fablica, Andr\u00e9s Manuel L\u00f3pez Obrador, para contratar a m\u00e1s de 500 presuntos m\u00e9dicos cubanos, el coordinador de las senadoras y los senadores del PAN, expres\u00f3 su desaprobaci\u00f3n al actual gobierno reprochando que deja de lado a los miles profesionales de la salud que est\u00e1n en M\u00e9xico.<br>\u201cEsto es una farsa, lo que el Presidente quiere es dar dinero al gobierno de Cuba, quiere financiar una dictadura como la de aquel r\u00e9gimen, y estas acciones desde el a\u00f1o pasado las venimos denunciando, que contrataron a 585 personas de origen cubano, para tratar pacientes mexicanos de Covid-19 y nunca pudieron acreditar que fueran expertos en salud\u201d, explic\u00f3.<br>Destac\u00f3 que, es la tercera vez que este gobierno inventa causas, disfraza emergencias para insertar m\u00e9dicos cubanos en M\u00e9xico, y donde se han gastado casi 256 millones de pesos, es decir, 433 mil pesos, en tres meses, por cada m\u00e9dico cubano, mientras un profesional de la salud en M\u00e9xico, gana aproximadamente 17 mil pesos al mes.<br>\u201cNo es la primera vez que el Presidente da la espalda a la salud, lamentablemente esto ha tra\u00eddo la p\u00e9rdida de vidas, hemos se\u00f1alado la falta de claridad frente a estos contratos, pues se pagaron m\u00e1s de 250 millones de pesos para traer a 585 cubanos durante tres meses de pandemia\u201d, agreg\u00f3.<br>Rementer\u00eda del Puerto reiter\u00f3 que, los m\u00e9dicos extranjeros no re\u00fanen las competencias requeridas, ni cuentan con los requisitos establecidos por las leyes vigentes, faltando tambi\u00e9n el aval de los colegios de profesionistas.<br><br>\u201cEs claro el desd\u00e9n hacia los propios mexicanos por parte del Presidente, por ello los senadores de Acci\u00f3n Nacional nos sumamos al pronunciamiento de desaprobaci\u00f3n que han realizado las Federaciones, Asociaciones y Colegios M\u00e9dicos: el pa\u00eds s\u00ed cuenta con el personal m\u00e9dico y hoy exigimos que se ponga primero a las y los mexicanos\u201d, ultim\u00f3.<br><br><br><br><br><br><br><br><br><br><br><br><br><br><br><br><br><br><br><br><br><br><br><br><br><br><br><br><br><br><br><br><br><\/p>\n","protected":false},"excerpt":{"rendered":"<p>***No es la primera vez que el Presidente da la espalda a la salud y a los m\u00e9dicos mexicanos, remarc\u00f3*<\/p>\n","protected":false},"author":2,"featured_media":35038,"comment_status":"open","ping_status":"open","sticky":false,"template":"","format":"standard","meta":{"colormag_page_container_layout":"default_layout","colormag_page_sidebar_layout":"default_layout","footnotes":""},"categories":[5],"tags":[],"class_list":["post-35027","post","type-post","status-publish","format-standard","has-post-thumbnail","hentry","category-nacional"],"_links":{"self":[{"href":"http:\/\/vocesver.com\/noticias\/wp-json\/wp\/v2\/posts\/35027","targetHints":{"allow":["GET"]}}],"collection":[{"href":"http:\/\/vocesver.com\/noticias\/wp-json\/wp\/v2\/posts"}],"about":[{"href":"http:\/\/vocesver.com\/noticias\/wp-json\/wp\/v2\/types\/post"}],"author":[{"embeddable":true,"href":"http:\/\/vocesver.com\/noticias\/wp-json\/wp\/v2\/users\/2"}],"replies":[{"embeddable":true,"href":"http:\/\/vocesver.com\/noticias\/wp-json\/wp\/v2\/comments?post=35027"}],"version-history":[{"count":2,"href":"http:\/\/vocesver.com\/noticias\/wp-json\/wp\/v2\/posts\/35027\/revisions"}],"predecessor-version":[{"id":35035,"href":"http:\/\/vocesver.com\/noticias\/wp-json\/wp\/v2\/posts\/35027\/revisions\/35035"}],"wp:featuredmedia":[{"embeddable":true,"href":"http:\/\/vocesver.com\/noticias\/wp-json\/wp\/v2\/media\/35038"}],"wp:attachment":[{"href":"http:\/\/vocesver.com\/noticias\/wp-json\/wp\/v2\/media?parent=35027"}],"wp:term":[{"taxonomy":"category","embeddable":true,"href":"http:\/\/vocesver.com\/noticias\/wp-json\/wp\/v2\/categories?post=35027"},{"taxonomy":"post_tag","embeddable":true,"href":"http:\/\/vocesver.com\/noticias\/wp-json\/wp\/v2\/tags?post=35027"}],"curies":[{"name":"wp","href":"https:\/\/api.w.org\/{rel}","templated":true}]}}