{"id":35015,"date":"2022-05-10T22:18:37","date_gmt":"2022-05-10T22:18:37","guid":{"rendered":"http:\/\/vocesver.com\/noticias\/?p=35015"},"modified":"2022-05-10T22:19:58","modified_gmt":"2022-05-10T22:19:58","slug":"saca-papel-y-lapiz-te-decimos-como-hacer-el-tramite-para-solicitar-la-pension-del-imss","status":"publish","type":"post","link":"http:\/\/vocesver.com\/noticias\/saca-papel-y-lapiz-te-decimos-como-hacer-el-tramite-para-solicitar-la-pension-del-imss\/","title":{"rendered":"Saca papel y l\u00e1piz: te decimos c\u00f3mo hacer el tr\u00e1mite para solicitar la pensi\u00f3n del IMSS"},"content":{"rendered":"\n<p><br>Para poder obtener la pensi\u00f3n debes tener un n\u00famero espec\u00edfico de semanas cotizadas. Foto: Cuartoscuro \/ Archivo<br><br>REDACCI\u00d3N\/VOCESVER.COM7NOTICIAS<br><br>NACIONAL(NOTICIAS UTILES).-A 10 DE MAYO.&#8211; DE ACUERDO CON INFORMACI\u00d3N DE REDACCI\u00d3N\/M\u00c9XICO\/AGENCIAS<br>Si est\u00e1s a punto de cumplir los 60 a\u00f1os y cotizaste en el Instituto Mexicano del Seguro Social (IMSS), puedes empezar a tramitar tu pensi\u00f3n, la cual se otorga a los asegurados que cotizaron entre 500 o mil semanas.<br><br><br>Pensi\u00f3n del IMSS<br>Los asegurados del IMSS en el r\u00e9gimen de la Ley del Seguro Social 1973, deben considerar:<br><br>Tener cumplidos 60 a\u00f1os de edad al momento de presentar la solicitud de pensi\u00f3n de cesant\u00eda en edad avanzada y 65 a\u00f1os para la pensi\u00f3n de vejez<br>Haber causado baja en el R\u00e9gimen Obligatorio de la Ley del Seguro Social<br>Estar privado de trabajo remunerado<br>Haber estado inscrito al amparo de la Ley del Seguro Social vigente hasta el 30 de junio de 1997<br>Tener registradas ante el IMSS un m\u00ednimo de 500 semanas de cotizaci\u00f3n<br>Estar vigente en sus derechos ante el Instituto o dentro del periodo de conservaci\u00f3n de derechos que prev\u00e9 la Ley<br>Los que est\u00e1n en el R\u00e9gimen de la Ley del Seguro Social 1997, deben tener los siguientes requisitos:<br><br><br>Tener cumplidos al menos 60 a\u00f1os al momento de presentar la solicitud de pensi\u00f3n y 65 a\u00f1os para la pensi\u00f3n de vejez<br>Haber causado baja en el R\u00e9gimen Obligatorio de la Ley del Seguro Social<br>Estar privado de trabajo remunerado<br>Tener registradas ante el Instituto un m\u00ednimo de mil semanas de cotizaci\u00f3n<br>En dado caso de que el pensionado no re\u00fana las mil semanas de cotizaci\u00f3n, podr\u00e1 retirar el saldo de su cuenta individual en una sola exhibici\u00f3n o seguir cotizando hasta cubrir las semanas necesarias para el otorgamiento de la pensi\u00f3n<br>Si el asegurado tiene cotizadas un m\u00ednimo de 750 semanas, tendr\u00e1 derecho a las prestaciones en especie del Seguro de Enfermedades y Maternidad<br>Documentaci\u00f3n<br>Para poder comenzar a realizar el tr\u00e1mite, debes presentar en original y copia:<br><br><br>Identificaci\u00f3n oficial con fotograf\u00eda<br>Cualquier documento o medio de identificaci\u00f3n emitido por el IMSS, el Infonavit o una Afore, que contenga el N\u00famero de Seguridad Social y el nombre del asegurado o pensionado<br>Comprobante de domicilio, siempre que su fecha de expedici\u00f3n no tenga una antig\u00fcedad mayor a tres meses previos a la presentaci\u00f3n de la solicitud<br>Clave \u00danica de Registro de Poblaci\u00f3n (CURP), copia simple o impresi\u00f3n de la misma<br>Estado de cuenta, impresi\u00f3n obtenida de la p\u00e1gina de internet de la Afore que maneja la cuenta individual o contrato firmado con la Afore<br>Constancia de la inscripci\u00f3n del asegurado en el Registro Federal de Contribuyentes (RFC), con homoclave a 13 posiciones<br>Documento expedido por la instituci\u00f3n de cr\u00e9dito autorizada por el Instituto, dentro de la circunscripci\u00f3n de que se trate, en el cual se identifique el n\u00famero de cuenta y Clave Bancaria Estandarizada, a favor del solicitante para recibir el pago de la pensi\u00f3n<br>Copia certificada del Acta de Nacimiento<br>\u00bfD\u00f3nde acudir a realizar el tr\u00e1mite?<br>Los tr\u00e1mites podr\u00e1n presentarse en la Unidad de Medicina Familiar o en la Subdelegaci\u00f3n de adscripci\u00f3n de 8:00 a 15:00 horas, explic\u00f3 el IMSS.<br><br><br><br><br><br>INF. DE REDACCI\u00d3N\/M\u00c9XICO\/AGENCIAS<br><br><br><br><br><br><br><br><br><br><br><br><br><br><br><br><br><br><br><br><br><br><br><br><br><br><br><br><br><\/p>\n","protected":false},"excerpt":{"rendered":"<p>Para poder obtener la pensi\u00f3n debes tener un n\u00famero espec\u00edfico de semanas cotizadas. Foto: Cuartoscuro \/ Archivo REDACCI\u00d3N\/VOCESVER.COM7NOTICIAS NACIONAL(NOTICIAS UTILES).-A<\/p>\n","protected":false},"author":2,"featured_media":35021,"comment_status":"open","ping_status":"open","sticky":false,"template":"","format":"standard","meta":{"colormag_page_container_layout":"default_layout","colormag_page_sidebar_layout":"default_layout","footnotes":""},"categories":[5],"tags":[],"class_list":["post-35015","post","type-post","status-publish","format-standard","has-post-thumbnail","hentry","category-nacional"],"_links":{"self":[{"href":"http:\/\/vocesver.com\/noticias\/wp-json\/wp\/v2\/posts\/35015","targetHints":{"allow":["GET"]}}],"collection":[{"href":"http:\/\/vocesver.com\/noticias\/wp-json\/wp\/v2\/posts"}],"about":[{"href":"http:\/\/vocesver.com\/noticias\/wp-json\/wp\/v2\/types\/post"}],"author":[{"embeddable":true,"href":"http:\/\/vocesver.com\/noticias\/wp-json\/wp\/v2\/users\/2"}],"replies":[{"embeddable":true,"href":"http:\/\/vocesver.com\/noticias\/wp-json\/wp\/v2\/comments?post=35015"}],"version-history":[{"count":2,"href":"http:\/\/vocesver.com\/noticias\/wp-json\/wp\/v2\/posts\/35015\/revisions"}],"predecessor-version":[{"id":35020,"href":"http:\/\/vocesver.com\/noticias\/wp-json\/wp\/v2\/posts\/35015\/revisions\/35020"}],"wp:featuredmedia":[{"embeddable":true,"href":"http:\/\/vocesver.com\/noticias\/wp-json\/wp\/v2\/media\/35021"}],"wp:attachment":[{"href":"http:\/\/vocesver.com\/noticias\/wp-json\/wp\/v2\/media?parent=35015"}],"wp:term":[{"taxonomy":"category","embeddable":true,"href":"http:\/\/vocesver.com\/noticias\/wp-json\/wp\/v2\/categories?post=35015"},{"taxonomy":"post_tag","embeddable":true,"href":"http:\/\/vocesver.com\/noticias\/wp-json\/wp\/v2\/tags?post=35015"}],"curies":[{"name":"wp","href":"https:\/\/api.w.org\/{rel}","templated":true}]}}