{"id":35009,"date":"2022-05-10T21:54:55","date_gmt":"2022-05-10T21:54:55","guid":{"rendered":"http:\/\/vocesver.com\/noticias\/?p=35009"},"modified":"2022-05-10T21:58:24","modified_gmt":"2022-05-10T21:58:24","slug":"celebracion-del-dia-de-las-madres-beneficia-a-comerciantes-independente-de-los-mercados-de-veracruzlezama-fernandez","status":"publish","type":"post","link":"http:\/\/vocesver.com\/noticias\/celebracion-del-dia-de-las-madres-beneficia-a-comerciantes-independente-de-los-mercados-de-veracruzlezama-fernandez\/","title":{"rendered":"CELEBRACI\u00d3N DEL DIA DE LAS MADRES BENEFICIA A COMERCIANTES INDEPENDENTE DE LOS MERCADOS DE VERACRUZ:LEZAMA FERN\u00c1NDEZ"},"content":{"rendered":"\n<p>\u00b0Sus ventas repuntar\u00f3n en casi un 100 por ciento.<br>\u00b0Los comercio de flores, ropa, calzado, carnicer\u00edas,pescados<br> y mariscos los m\u00e1s favorecidos.<br>AUSENCIO RIVERA\/VOCESVER.COM\/NOTICIAS<br>Veracruz,Ver.- a 10 de Mayo 2022.- Con motivo de la celebraci\u00f3n del D\u00eda de las Madres comerciantes independientes de los Mercados de la Ciudad de Veracruz incrementar\u00f3n sus ventas en casi un 100 por ciento.<br>Lo anterior lo se\u00f1al\u00f3 Fidel Lezama Fern\u00e1ndez presidente de dicha agrupaci\u00f3n quien explic\u00f3 que entre los giros comerciales  m\u00e1s beneficiados se encuentran los de flores, comida, ropa,zapatos entre muchos otros.<br>Otros giros comerciales tambi\u00e9n se vieron beneficiados con la celebraci\u00f3n del D\u00eda de las Madres como las carnicer\u00edas y los comercios de pescados y mariscos.<br>Explic\u00f3 que mientras algunas familias aprovechan la ocasi\u00f3n para regalar algunos presentes a sus progenitoras, otros las lleva a comer y en muchos casos compran carne para guisarla en sus casas y de esta manera celebrar a la reina del hogar.<br>Lo cierto es que a pesar de la crisis econ\u00f3mica que tenemos, la celebraci\u00f3n del D\u00eda de las Madres es dif\u00edcil que alg\u00fan d\u00eda desaparezca, afortunadamente es una tradici\u00f3n que se encuentra muy arraigada entre las familias veracruzanas que cada vez se afianza m\u00e1s.<br>Finalmente el entrevistado aprovech\u00f3 la cobertura de este medio de comunicaci\u00f3n para felicitar a todas las madrecitas de los mercados y en general durante este d\u00eda de las madres.<br><br><br><br><br><br><br><br><br><br><br><br><br><br><br><br><br><br><br><br><br><br><br><br><br><br><br><\/p>\n","protected":false},"excerpt":{"rendered":"<p>\u00b0Sus ventas repuntar\u00f3n en casi un 100 por ciento.\u00b0Los comercio de flores, ropa, calzado, carnicer\u00edas,pescados y mariscos los m\u00e1s favorecidos.AUSENCIO<\/p>\n","protected":false},"author":2,"featured_media":35017,"comment_status":"open","ping_status":"open","sticky":false,"template":"","format":"standard","meta":{"colormag_page_container_layout":"default_layout","colormag_page_sidebar_layout":"default_layout","footnotes":""},"categories":[2],"tags":[],"class_list":["post-35009","post","type-post","status-publish","format-standard","has-post-thumbnail","hentry","category-infogral"],"_links":{"self":[{"href":"http:\/\/vocesver.com\/noticias\/wp-json\/wp\/v2\/posts\/35009","targetHints":{"allow":["GET"]}}],"collection":[{"href":"http:\/\/vocesver.com\/noticias\/wp-json\/wp\/v2\/posts"}],"about":[{"href":"http:\/\/vocesver.com\/noticias\/wp-json\/wp\/v2\/types\/post"}],"author":[{"embeddable":true,"href":"http:\/\/vocesver.com\/noticias\/wp-json\/wp\/v2\/users\/2"}],"replies":[{"embeddable":true,"href":"http:\/\/vocesver.com\/noticias\/wp-json\/wp\/v2\/comments?post=35009"}],"version-history":[{"count":2,"href":"http:\/\/vocesver.com\/noticias\/wp-json\/wp\/v2\/posts\/35009\/revisions"}],"predecessor-version":[{"id":35016,"href":"http:\/\/vocesver.com\/noticias\/wp-json\/wp\/v2\/posts\/35009\/revisions\/35016"}],"wp:featuredmedia":[{"embeddable":true,"href":"http:\/\/vocesver.com\/noticias\/wp-json\/wp\/v2\/media\/35017"}],"wp:attachment":[{"href":"http:\/\/vocesver.com\/noticias\/wp-json\/wp\/v2\/media?parent=35009"}],"wp:term":[{"taxonomy":"category","embeddable":true,"href":"http:\/\/vocesver.com\/noticias\/wp-json\/wp\/v2\/categories?post=35009"},{"taxonomy":"post_tag","embeddable":true,"href":"http:\/\/vocesver.com\/noticias\/wp-json\/wp\/v2\/tags?post=35009"}],"curies":[{"name":"wp","href":"https:\/\/api.w.org\/{rel}","templated":true}]}}