{"id":35005,"date":"2022-05-10T21:18:35","date_gmt":"2022-05-10T21:18:35","guid":{"rendered":"http:\/\/vocesver.com\/noticias\/?p=35005"},"modified":"2022-05-10T21:29:36","modified_gmt":"2022-05-10T21:29:36","slug":"feligreses-abarrotan-la-iglesia-la-catedral-de-veracruz-este-diez-de-mayo","status":"publish","type":"post","link":"http:\/\/vocesver.com\/noticias\/feligreses-abarrotan-la-iglesia-la-catedral-de-veracruz-este-diez-de-mayo\/","title":{"rendered":"FELIGRESES ABARROTAN LA IGLESIA LA CATEDRAL DE VERACRUZ ESTE DIEZ DE MAYO."},"content":{"rendered":"\n<p><br>\u00b0Sobre todo en la misa de las 8 de la ma\u00f1ana donde hubo mucha gente.<br>REDACCI\u00d3N\/VOCESVER.COM\/NOTICIAS<br>Veracruz,Ver.- a 10 de Mayo 2022.- Con motivo de la Celebraci\u00f3n del 10 mayo, D\u00eda de las Madres, la Iglesia La Catedral de la Asunci\u00f3n de la Ciudad de Veracruz estuvo muy concurrida por feligreses que desde temprana hora se dieron cita para escuchar las  misa que se ofrecieron en honor a aquellas madrecitas que lamentablemente han partido, pero que sus recuerdos y sus  buenas acciones permanecen el coraz\u00f3n de sus familiares. Foto Juan REY\u2026..<br><br><br><br><br><br><br><br><br><br><br><br><br><br><br><br><br><br><br><br><br><br><br><br><br><br><br><br><br><br><br><br><br><br><br><br><\/p>\n","protected":false},"excerpt":{"rendered":"<p>\u00b0Sobre todo en la misa de las 8 de la ma\u00f1ana donde hubo mucha gente.REDACCI\u00d3N\/VOCESVER.COM\/NOTICIASVeracruz,Ver.- a 10 de Mayo 2022.-<\/p>\n","protected":false},"author":2,"featured_media":35012,"comment_status":"open","ping_status":"open","sticky":false,"template":"","format":"standard","meta":{"colormag_page_container_layout":"default_layout","colormag_page_sidebar_layout":"default_layout","footnotes":""},"categories":[2],"tags":[],"class_list":["post-35005","post","type-post","status-publish","format-standard","has-post-thumbnail","hentry","category-infogral"],"_links":{"self":[{"href":"http:\/\/vocesver.com\/noticias\/wp-json\/wp\/v2\/posts\/35005","targetHints":{"allow":["GET"]}}],"collection":[{"href":"http:\/\/vocesver.com\/noticias\/wp-json\/wp\/v2\/posts"}],"about":[{"href":"http:\/\/vocesver.com\/noticias\/wp-json\/wp\/v2\/types\/post"}],"author":[{"embeddable":true,"href":"http:\/\/vocesver.com\/noticias\/wp-json\/wp\/v2\/users\/2"}],"replies":[{"embeddable":true,"href":"http:\/\/vocesver.com\/noticias\/wp-json\/wp\/v2\/comments?post=35005"}],"version-history":[{"count":3,"href":"http:\/\/vocesver.com\/noticias\/wp-json\/wp\/v2\/posts\/35005\/revisions"}],"predecessor-version":[{"id":35013,"href":"http:\/\/vocesver.com\/noticias\/wp-json\/wp\/v2\/posts\/35005\/revisions\/35013"}],"wp:featuredmedia":[{"embeddable":true,"href":"http:\/\/vocesver.com\/noticias\/wp-json\/wp\/v2\/media\/35012"}],"wp:attachment":[{"href":"http:\/\/vocesver.com\/noticias\/wp-json\/wp\/v2\/media?parent=35005"}],"wp:term":[{"taxonomy":"category","embeddable":true,"href":"http:\/\/vocesver.com\/noticias\/wp-json\/wp\/v2\/categories?post=35005"},{"taxonomy":"post_tag","embeddable":true,"href":"http:\/\/vocesver.com\/noticias\/wp-json\/wp\/v2\/tags?post=35005"}],"curies":[{"name":"wp","href":"https:\/\/api.w.org\/{rel}","templated":true}]}}